{"id":46,"date":"2020-11-12T09:08:47","date_gmt":"2020-11-12T09:08:47","guid":{"rendered":"http:\/\/www.akku-plus.com\/akkublog\/?p=46"},"modified":"2020-11-12T09:08:47","modified_gmt":"2020-11-12T09:08:47","slug":"so-gut-ist-apples-eigener-mac-prozessor-m1","status":"publish","type":"post","link":"http:\/\/www.akku-plus.com\/akkublog\/2020\/11\/12\/so-gut-ist-apples-eigener-mac-prozessor-m1\/","title":{"rendered":"So gut ist Apples eigener Mac-Prozessor &#8222;M1&#8220;"},"content":{"rendered":"\n<p>iPhone-Hersteller greift traditionellen PC-Markt mit eigenem Chip an.<\/p>\n\n\n\n<p>Bei Apple hat am Dienstagabend ein neues Zeitalter begonnen: 15 Jahre lang hat der Konzern seine Macintosh-Computer mit den Chips von Intel gebaut. K\u00fcnftig gehen Apple und Intel aber getrennte Wege. Der iPhone-Konzern hat nun die ersten drei Mac-Modelle mit Chips aus eigener Entwicklung vorgestellt ( wir berichten live ). Apple verspricht, dass die Computer dadurch deutlich schneller und auch stromsparender arbeiten.<\/p>\n\n\n\n<p>Mit dem Umstieg kann der Konzern zudem erstmals seine Macs auf derselben Software-Plattform wie seine iPhones und iPads betreiben. &#8222;Dies ist ein historischer Tag f\u00fcr den Mac&#8220;, sagte Apple-Chef Tim Cook.<\/p>\n\n\n\n<p>&#8222;System on a Chip&#8220;<br>Der hauseigene Chip mit der Bezeichnung M1 ist nicht nur ein einfacher Mikroprozessor, sondern ein komplexes &#8222;System on a Chip&#8220;. In ihm stecken 16 Milliarden Transistoren. Der Hauptprozessor besteht aus acht Kernen, vier davon erledigen Hochleistungsanforderungen, die anderen vier kommen stromsparend ins Spiel, wenn leichtere Aufgaben erledigt werden m\u00fcssen. Dazu kommen ein leistungsf\u00e4higer Grafikchip sowie der geheimnisumwitterte Sicherheitschip &#8222;Secure Enclave&#8220;. Und das gesamte M1-System kann auf einen gemeinsamen Arbeitsspeicher zugreifen.<\/p>\n\n\n\n<p>Cook ist aber auch klar, dass die Kunden einen Computer nicht vorrangig wegen einer neuen Chip-Architektur ausw\u00e4hlen. Daher standen bei der Videopr\u00e4sentation aus dem Apple-Hauptquartier ganz praktische Dinge im Vordergrund. So betonte Apple, dass sich die Akkulaufzeit fast verdoppeln werde. Apps w\u00fcrden viel schneller als bisher starten, und auch anspruchsvolle Programme liefen fl\u00fcssiger, versprach Software-Chef Craig Federighi. Wie beim iPhone soll ein spezieller Bereich zum Beispiel die Bildbearbeitung mit maschinellem Lernen verbessern.<\/p>\n\n\n\n<p>Zwei MacBooks und Mac mini<br>Apple stattete mit dem M1-Chip unter anderem das popul\u00e4rste Mac-Modell aus, das Macbook Air. Es kommt nun ohne einen L\u00fcfter aus. Dank des sparsameren Chips halte die Batterie 15 Stunden Surfen im Web und 18 Stunden Videowiedergabe stand. Das Macbook Air ist der popul\u00e4rste Apple-Computer.<\/p>\n\n\n\n<p>Au\u00dferdem bekommen auch das leistungsst\u00e4rkere Macbook Pro mit 13-Zoll-Display und der Tischrechner Mac Mini den neuen Apple-Prozessor. Beim Macbook Pro spricht Apple von 17 Stunden Surfzeit und 20 Stunden Videowiedergabe. Beim Mac Mini und dem Macbook Pro beh\u00e4lt Apple zun\u00e4chst auch Modelle mit Intel-Chips im Angebot &#8211; das Macbook Air gibt es beim Konzern dagegen nur noch mit dem M1. \u00c4u\u00dferlich sehen die Ger\u00e4te aus wie bisher.<\/p>\n\n\n\n<p>ARM-Architektur<br>Apple bricht mit dem Umstieg aus der eingefahrenen Spur der PC-Branche aus, die bisher von Intel-Prozessoren dominiert wurde. Die M1-Chips basieren auf der Architektur des Chipdesigners ARM, mit der auch die iPhones und iPads laufen. Damit k\u00f6nnen die Entwickler auch iPhone-Apps auf die Macs bringen. Urspr\u00fcnglich auf Intel-Prozessoren zugeschnittene Mac-Programme, die noch nicht f\u00fcr die Apple-Chips angepasst wurden, sollen unterdessen in Echtzeit &#8222;\u00fcbersetzt&#8220; werden. Dabei gebe es keine Leistungseinschr\u00e4nkungen, betont Apple. Weiterhin mit Intel-Chips ausgestattet bleiben vorl\u00e4ufig die iMac-Modelle und der Profi-Rechner Mac Pro .<\/p>\n\n\n\n<p>Neben dem neuen Betriebssystem macOS Big Sur und Apple-eigenen Apps wie der Videobearbeitungssoftware Final Cut Pro werden kurzfristig auch Programme von Drittherstellern die neuen M\u00f6glichkeiten des M1-Systems direkt ausnutzen, darunter Fotobearbeitungssoftware von Adobe und Computer-Spiele.<\/p>\n\n\n\n<p>Keine \u00dcberraschung<br>Der Umstieg k\u00fcndigte sich bereits seit einiger Zeit an. Auf iPhone und iPad war es Apple gelungen, durch hauseigene Chipentwicklung viel Leistung in kleines Format zu packen. Beim Mac musste der Konzern dagegen wiederholt auf neue Prozessoren von Intel warten. Bei der Ank\u00fcndigung des Umstiegs im Juni hie\u00df es, er solle binnen zwei Jahren alle Modelle erfassen.<\/p>\n\n\n\n<p>F\u00fcr die Macs ist es der dritte Wechsel der Chip-Plattform nach dem \u00dcbergang von Motorola zu IBMs PowerPC Anfang der 1990er-Jahre und zu Intel im Jahr 2005.<\/p>\n\n\n\n<p>Die Frage ist nun, ob Apples Beispiel in der Branche Schule machen k\u00f6nnte, wenn die M1-Macs ihren Nutzern einen sp\u00fcrbaren Vorteil gegen\u00fcber Computern anderer Hersteller mit Intel-Chips bieten k\u00f6nnen. Unter anderem Microsoft und Samsung haben bereits Laptops mit Chips auf Basis der ARM-Architektur im Angebot, sie blieben bisher aber eher Nischenmodelle. Neuer Schub k\u00f6nnte von dem chinesischen Technologiekonzern Huawei ausgehen. Wegen der von US-Pr\u00e4sident Donald Trump verh\u00e4ngten Sanktionen versuchen die Chinesen ohnehin, eine eigene Chipproduktion aufzubauen.<\/p>\n\n\n\n<p>Verringerte Laufzeit und Ladekapazit\u00fct des alten&nbsp;<a href=\"https:\/\/www.akku-plus.com\/brand\/2\/Apple\">Apple Mac Akkus<\/a>? Dann wird es Zeit f\u00fcr einen neuen. Jetzt nach kompatiblen Laptop Akku Akkus auf&nbsp;<a href=\"https:\/\/www.akku-plus.com\/\">akku-plus.com<\/a>&nbsp;suchen!<\/p>\n","protected":false},"excerpt":{"rendered":"<p>iPhone-Hersteller greift traditionellen PC-Markt mit eigenem Chip an. Bei Apple hat am Dienstagabend ein neues Zeitalter begonnen: 15 Jahre lang hat der Konzern seine Macintosh-Computer mit den Chips von Intel gebaut. K\u00fcnftig gehen Apple und Intel aber getrennte Wege. Der iPhone-Konzern hat nun die ersten drei Mac-Modelle mit Chips aus eigener Entwicklung vorgestellt ( wir [&hellip;]<\/p>\n","protected":false},"author":1,"featured_media":0,"comment_status":"open","ping_status":"open","sticky":false,"template":"","format":"standard","meta":{"footnotes":""},"categories":[6],"tags":[],"class_list":["post-46","post","type-post","status-publish","format-standard","hentry","category-nachrichten"],"yoast_head":"<!-- This site is optimized with the Yoast SEO plugin v23.7 - https:\/\/yoast.com\/wordpress\/plugins\/seo\/ -->\n<title>So gut ist Apples eigener Mac-Prozessor &quot;M1&quot; - Online-Shop:Akkus, Batterien und Ladeger\u00e4te<\/title>\n<meta name=\"robots\" content=\"index, follow, max-snippet:-1, max-image-preview:large, max-video-preview:-1\" \/>\n<link rel=\"canonical\" href=\"https:\/\/www.akku-plus.com\/akkublog\/2020\/11\/12\/so-gut-ist-apples-eigener-mac-prozessor-m1\/\" \/>\n<meta property=\"og:locale\" content=\"de_DE\" \/>\n<meta property=\"og:type\" content=\"article\" \/>\n<meta property=\"og:title\" content=\"So gut ist Apples eigener Mac-Prozessor &quot;M1&quot; - Online-Shop:Akkus, Batterien und Ladeger\u00e4te\" \/>\n<meta property=\"og:description\" content=\"iPhone-Hersteller greift traditionellen PC-Markt mit eigenem Chip an. Bei Apple hat am Dienstagabend ein neues Zeitalter begonnen: 15 Jahre lang hat der Konzern seine Macintosh-Computer mit den Chips von Intel gebaut. K\u00fcnftig gehen Apple und Intel aber getrennte Wege. Der iPhone-Konzern hat nun die ersten drei Mac-Modelle mit Chips aus eigener Entwicklung vorgestellt ( wir [&hellip;]\" \/>\n<meta property=\"og:url\" content=\"https:\/\/www.akku-plus.com\/akkublog\/2020\/11\/12\/so-gut-ist-apples-eigener-mac-prozessor-m1\/\" \/>\n<meta property=\"og:site_name\" content=\"Online-Shop:Akkus, Batterien und Ladeger\u00e4te\" \/>\n<meta property=\"article:published_time\" content=\"2020-11-12T09:08:47+00:00\" \/>\n<meta name=\"author\" content=\"bella2020\" \/>\n<meta name=\"twitter:card\" content=\"summary_large_image\" \/>\n<meta name=\"twitter:label1\" content=\"Verfasst von\" \/>\n\t<meta name=\"twitter:data1\" content=\"bella2020\" \/>\n\t<meta name=\"twitter:label2\" content=\"Gesch\u00e4tzte Lesezeit\" \/>\n\t<meta name=\"twitter:data2\" content=\"4\u00a0Minuten\" \/>\n<script type=\"application\/ld+json\" class=\"yoast-schema-graph\">{\"@context\":\"https:\/\/schema.org\",\"@graph\":[{\"@type\":\"WebPage\",\"@id\":\"https:\/\/www.akku-plus.com\/akkublog\/2020\/11\/12\/so-gut-ist-apples-eigener-mac-prozessor-m1\/\",\"url\":\"https:\/\/www.akku-plus.com\/akkublog\/2020\/11\/12\/so-gut-ist-apples-eigener-mac-prozessor-m1\/\",\"name\":\"So gut ist Apples eigener Mac-Prozessor \\\"M1\\\" - Online-Shop:Akkus, Batterien und Ladeger\u00e4te\",\"isPartOf\":{\"@id\":\"http:\/\/www.akku-plus.com\/akkublog\/#website\"},\"datePublished\":\"2020-11-12T09:08:47+00:00\",\"dateModified\":\"2020-11-12T09:08:47+00:00\",\"author\":{\"@id\":\"http:\/\/www.akku-plus.com\/akkublog\/#\/schema\/person\/3241c1dbb5b808bd028b895f1257c196\"},\"breadcrumb\":{\"@id\":\"https:\/\/www.akku-plus.com\/akkublog\/2020\/11\/12\/so-gut-ist-apples-eigener-mac-prozessor-m1\/#breadcrumb\"},\"inLanguage\":\"de\",\"potentialAction\":[{\"@type\":\"ReadAction\",\"target\":[\"https:\/\/www.akku-plus.com\/akkublog\/2020\/11\/12\/so-gut-ist-apples-eigener-mac-prozessor-m1\/\"]}]},{\"@type\":\"BreadcrumbList\",\"@id\":\"https:\/\/www.akku-plus.com\/akkublog\/2020\/11\/12\/so-gut-ist-apples-eigener-mac-prozessor-m1\/#breadcrumb\",\"itemListElement\":[{\"@type\":\"ListItem\",\"position\":1,\"name\":\"Startseite\",\"item\":\"http:\/\/www.akku-plus.com\/akkublog\/\"},{\"@type\":\"ListItem\",\"position\":2,\"name\":\"So gut ist Apples eigener Mac-Prozessor &#8222;M1&#8220;\"}]},{\"@type\":\"WebSite\",\"@id\":\"http:\/\/www.akku-plus.com\/akkublog\/#website\",\"url\":\"http:\/\/www.akku-plus.com\/akkublog\/\",\"name\":\"Online-Shop:Akkus, Batterien und Ladeger\u00e4te\",\"description\":\"Akku-plus.com ist Ihr Profi f&uuml;r Akkus, Batterien und Ladeger&auml;te! F&uuml;r weit &uuml;ber 100,000 Ger&auml;te haben wir die passenden Ersatzakkus und Batterien und liefern schnell und zuverl&auml;ssig innerhalb Europa.\",\"potentialAction\":[{\"@type\":\"SearchAction\",\"target\":{\"@type\":\"EntryPoint\",\"urlTemplate\":\"http:\/\/www.akku-plus.com\/akkublog\/?s={search_term_string}\"},\"query-input\":{\"@type\":\"PropertyValueSpecification\",\"valueRequired\":true,\"valueName\":\"search_term_string\"}}],\"inLanguage\":\"de\"},{\"@type\":\"Person\",\"@id\":\"http:\/\/www.akku-plus.com\/akkublog\/#\/schema\/person\/3241c1dbb5b808bd028b895f1257c196\",\"name\":\"bella2020\",\"image\":{\"@type\":\"ImageObject\",\"inLanguage\":\"de\",\"@id\":\"http:\/\/www.akku-plus.com\/akkublog\/#\/schema\/person\/image\/\",\"url\":\"http:\/\/1.gravatar.com\/avatar\/133b95318ea74e3b9335c2c761297a2b?s=96&d=mm&r=g\",\"contentUrl\":\"http:\/\/1.gravatar.com\/avatar\/133b95318ea74e3b9335c2c761297a2b?s=96&d=mm&r=g\",\"caption\":\"bella2020\"},\"sameAs\":[\"http:\/\/www.akku-plus.com\/akkublog\"],\"url\":\"http:\/\/www.akku-plus.com\/akkublog\/author\/bella2020\/\"}]}<\/script>\n<!-- \/ Yoast SEO plugin. -->","yoast_head_json":{"title":"So gut ist Apples eigener Mac-Prozessor \"M1\" - Online-Shop:Akkus, Batterien und Ladeger\u00e4te","robots":{"index":"index","follow":"follow","max-snippet":"max-snippet:-1","max-image-preview":"max-image-preview:large","max-video-preview":"max-video-preview:-1"},"canonical":"https:\/\/www.akku-plus.com\/akkublog\/2020\/11\/12\/so-gut-ist-apples-eigener-mac-prozessor-m1\/","og_locale":"de_DE","og_type":"article","og_title":"So gut ist Apples eigener Mac-Prozessor \"M1\" - Online-Shop:Akkus, Batterien und Ladeger\u00e4te","og_description":"iPhone-Hersteller greift traditionellen PC-Markt mit eigenem Chip an. Bei Apple hat am Dienstagabend ein neues Zeitalter begonnen: 15 Jahre lang hat der Konzern seine Macintosh-Computer mit den Chips von Intel gebaut. K\u00fcnftig gehen Apple und Intel aber getrennte Wege. Der iPhone-Konzern hat nun die ersten drei Mac-Modelle mit Chips aus eigener Entwicklung vorgestellt ( wir [&hellip;]","og_url":"https:\/\/www.akku-plus.com\/akkublog\/2020\/11\/12\/so-gut-ist-apples-eigener-mac-prozessor-m1\/","og_site_name":"Online-Shop:Akkus, Batterien und Ladeger\u00e4te","article_published_time":"2020-11-12T09:08:47+00:00","author":"bella2020","twitter_card":"summary_large_image","twitter_misc":{"Verfasst von":"bella2020","Gesch\u00e4tzte Lesezeit":"4\u00a0Minuten"},"schema":{"@context":"https:\/\/schema.org","@graph":[{"@type":"WebPage","@id":"https:\/\/www.akku-plus.com\/akkublog\/2020\/11\/12\/so-gut-ist-apples-eigener-mac-prozessor-m1\/","url":"https:\/\/www.akku-plus.com\/akkublog\/2020\/11\/12\/so-gut-ist-apples-eigener-mac-prozessor-m1\/","name":"So gut ist Apples eigener Mac-Prozessor \"M1\" - Online-Shop:Akkus, Batterien und Ladeger\u00e4te","isPartOf":{"@id":"http:\/\/www.akku-plus.com\/akkublog\/#website"},"datePublished":"2020-11-12T09:08:47+00:00","dateModified":"2020-11-12T09:08:47+00:00","author":{"@id":"http:\/\/www.akku-plus.com\/akkublog\/#\/schema\/person\/3241c1dbb5b808bd028b895f1257c196"},"breadcrumb":{"@id":"https:\/\/www.akku-plus.com\/akkublog\/2020\/11\/12\/so-gut-ist-apples-eigener-mac-prozessor-m1\/#breadcrumb"},"inLanguage":"de","potentialAction":[{"@type":"ReadAction","target":["https:\/\/www.akku-plus.com\/akkublog\/2020\/11\/12\/so-gut-ist-apples-eigener-mac-prozessor-m1\/"]}]},{"@type":"BreadcrumbList","@id":"https:\/\/www.akku-plus.com\/akkublog\/2020\/11\/12\/so-gut-ist-apples-eigener-mac-prozessor-m1\/#breadcrumb","itemListElement":[{"@type":"ListItem","position":1,"name":"Startseite","item":"http:\/\/www.akku-plus.com\/akkublog\/"},{"@type":"ListItem","position":2,"name":"So gut ist Apples eigener Mac-Prozessor &#8222;M1&#8220;"}]},{"@type":"WebSite","@id":"http:\/\/www.akku-plus.com\/akkublog\/#website","url":"http:\/\/www.akku-plus.com\/akkublog\/","name":"Online-Shop:Akkus, Batterien und Ladeger\u00e4te","description":"Akku-plus.com ist Ihr Profi f&uuml;r Akkus, Batterien und Ladeger&auml;te! F&uuml;r weit &uuml;ber 100,000 Ger&auml;te haben wir die passenden Ersatzakkus und Batterien und liefern schnell und zuverl&auml;ssig innerhalb Europa.","potentialAction":[{"@type":"SearchAction","target":{"@type":"EntryPoint","urlTemplate":"http:\/\/www.akku-plus.com\/akkublog\/?s={search_term_string}"},"query-input":{"@type":"PropertyValueSpecification","valueRequired":true,"valueName":"search_term_string"}}],"inLanguage":"de"},{"@type":"Person","@id":"http:\/\/www.akku-plus.com\/akkublog\/#\/schema\/person\/3241c1dbb5b808bd028b895f1257c196","name":"bella2020","image":{"@type":"ImageObject","inLanguage":"de","@id":"http:\/\/www.akku-plus.com\/akkublog\/#\/schema\/person\/image\/","url":"http:\/\/1.gravatar.com\/avatar\/133b95318ea74e3b9335c2c761297a2b?s=96&d=mm&r=g","contentUrl":"http:\/\/1.gravatar.com\/avatar\/133b95318ea74e3b9335c2c761297a2b?s=96&d=mm&r=g","caption":"bella2020"},"sameAs":["http:\/\/www.akku-plus.com\/akkublog"],"url":"http:\/\/www.akku-plus.com\/akkublog\/author\/bella2020\/"}]}},"_links":{"self":[{"href":"http:\/\/www.akku-plus.com\/akkublog\/wp-json\/wp\/v2\/posts\/46"}],"collection":[{"href":"http:\/\/www.akku-plus.com\/akkublog\/wp-json\/wp\/v2\/posts"}],"about":[{"href":"http:\/\/www.akku-plus.com\/akkublog\/wp-json\/wp\/v2\/types\/post"}],"author":[{"embeddable":true,"href":"http:\/\/www.akku-plus.com\/akkublog\/wp-json\/wp\/v2\/users\/1"}],"replies":[{"embeddable":true,"href":"http:\/\/www.akku-plus.com\/akkublog\/wp-json\/wp\/v2\/comments?post=46"}],"version-history":[{"count":1,"href":"http:\/\/www.akku-plus.com\/akkublog\/wp-json\/wp\/v2\/posts\/46\/revisions"}],"predecessor-version":[{"id":47,"href":"http:\/\/www.akku-plus.com\/akkublog\/wp-json\/wp\/v2\/posts\/46\/revisions\/47"}],"wp:attachment":[{"href":"http:\/\/www.akku-plus.com\/akkublog\/wp-json\/wp\/v2\/media?parent=46"}],"wp:term":[{"taxonomy":"category","embeddable":true,"href":"http:\/\/www.akku-plus.com\/akkublog\/wp-json\/wp\/v2\/categories?post=46"},{"taxonomy":"post_tag","embeddable":true,"href":"http:\/\/www.akku-plus.com\/akkublog\/wp-json\/wp\/v2\/tags?post=46"}],"curies":[{"name":"wp","href":"https:\/\/api.w.org\/{rel}","templated":true}]}}