{"id":698,"date":"2025-03-11T08:43:01","date_gmt":"2025-03-11T08:43:01","guid":{"rendered":"https:\/\/www.akku-plus.com\/akkublog\/?p=698"},"modified":"2025-03-11T08:43:03","modified_gmt":"2025-03-11T08:43:03","slug":"realme-kuendigt-nutzerverdopplung-bis-2028-an-kamera-innovationen-und-ki-features-im-fokus","status":"publish","type":"post","link":"http:\/\/www.akku-plus.com\/akkublog\/2025\/03\/11\/realme-kuendigt-nutzerverdopplung-bis-2028-an-kamera-innovationen-und-ki-features-im-fokus\/","title":{"rendered":"Realme k\u00fcndigt Nutzerverdopplung bis 2028 an: Kamera-Innovationen und KI-Features im Fokus"},"content":{"rendered":"\n<p><em>Mobile World Congress 2025: Chinesischer Hersteller pr\u00e4sentiert Drei-Jahres-Plan und neue 14er-Serie<\/em><strong>Strategische Ziele<\/strong><br>Auf dem MWC 2025 in Barcelona verk\u00fcndete Realme ehrgeizige Pl\u00e4ne:<\/p>\n\n\n\n<ul class=\"wp-block-list\">\n<li>Verdopplung der globalen Nutzerbasis bis 2028<\/li>\n\n\n\n<li>\u00dcber 10 Millionen Jahresverk\u00e4ufe in Europa<\/li>\n\n\n\n<li>Ausbau der Marktposition in Spanien, Italien und Mexiko<\/li>\n\n\n\n<li>Dreis\u00e4ulen-Strategie mit GT-, Number- und C-Serie f\u00fcr unterschiedliche Zielgruppen<\/li>\n<\/ul>\n\n\n\n<p><strong>Flaggschiff-Modelle: Realme 14 Pro-Serie<\/strong><br>Das neue Kamera-Duo setzt auf bahnbrechende Technologien:&nbsp;<em>Realme 14 Pro+ (ab 529,99 \u20ac)<\/em><\/p>\n\n\n\n<ul class=\"wp-block-list\">\n<li><strong>Weltneuheit<\/strong>: Temperaturreaktive &#8222;MagicGlow&#8220;-Hinterglas-Technologie<\/li>\n\n\n\n<li>50MP-Sony-IMX896-Kamera mit OIS + 120x SuperZoom-Periskopobjektiv<\/li>\n\n\n\n<li>6,7&#8243; 1,5K-Quad-Curved-Display (120 Hz)<\/li>\n\n\n\n<li>Snapdragon 7s Gen 3 5G + 6.000 mAh-Akku (80W-Ladung)<\/li>\n\n\n\n<li>MIL-STD-810H &amp; IP69-Zertifizierung<\/li>\n<\/ul>\n\n\n\n<p><em>Realme 14 Pro (ab 429,99 \u20ac)<\/em><\/p>\n\n\n\n<ul class=\"wp-block-list\">\n<li>50MP-Sony-IMX882-Sensor mit OIS<\/li>\n\n\n\n<li>MediaTek Dimensity 7300 5G-Chipset<\/li>\n\n\n\n<li>Ultrad\u00fcnnes 7,55mm-Design<\/li>\n\n\n\n<li>Gleicher 6.000 mAh-Akku wie Pro+-Modell<\/li>\n<\/ul>\n\n\n\n<p><strong>Zukunftsprojekte<\/strong><\/p>\n\n\n\n<ol start=\"1\" class=\"wp-block-list\">\n<li><strong>Wechselobjektiv-System<\/strong>: Prototyp mit 1-Zoll-Sony-Sensor und DSLR-Objektivadapter<\/li>\n\n\n\n<li><strong>KI-Assistenten<\/strong>:\n<ul class=\"wp-block-list\">\n<li><em>AI Voice-based Retoucher<\/em>: Hintergrund\u00e4nderungen per Sprachbefehl<\/li>\n\n\n\n<li><em>AI Video Eraser<\/em>: Objektentfernung in Videos per Klick<\/li>\n<\/ul>\n<\/li>\n\n\n\n<li><strong>Gaming-Kooperationen<\/strong>: Partnerschaften mit Mobile Legends, Free Fire und Honor of Kings<\/li>\n\n\n\n<li><strong>Luxus-Editionen<\/strong>: Limitierte Design-Kollaborationen angek\u00fcndigt<\/li>\n<\/ol>\n\n\n\n<p><strong>Begleitprodukte im \u00dcberblick<\/strong><\/p>\n\n\n\n<ul class=\"wp-block-list\">\n<li><em>Realme 14x 5G<\/em>: Milit\u00e4rtaugliches Mittelklasseger\u00e4t mit Dimensity 6300<\/li>\n\n\n\n<li><em>Buds Air7<\/em>: ANC-Kopfh\u00f6rer mit 52dB Rauschunterdr\u00fcckung und Hi-Res Wireless<\/li>\n<\/ul>\n\n\n\n<p><strong>Launch-Details<\/strong><\/p>\n\n\n\n<ul class=\"wp-block-list\">\n<li>Verkaufsstart: 3. M\u00e4rz 2025<\/li>\n\n\n\n<li>Early-Bird-Rabatte bis 31.03.2025:\n<ul class=\"wp-block-list\">\n<li>14 Pro: Bis zu 50 \u20ac Ersparnis<\/li>\n\n\n\n<li>14 Pro+: Bis zu 100 \u20ac Preisvorteil<\/li>\n<\/ul>\n<\/li>\n<\/ul>\n\n\n\n<hr class=\"wp-block-separator has-alpha-channel-opacity\"\/>\n\n\n\n<p>Diese Version betont die strategischen Aspekte, gliedert Informationen \u00fcbersichtlicher und hebt technische USP durch Hervorhebungen hervor. Die Struktur erm\u00f6glicht schnelles Scannen der Kerninformationen bei gleichzeitiger Wahrung aller Fakten.<\/p>\n\n\n\n<p><strong>Akkus f\u00fcr Ihre Handy der Marke Realme<\/strong>&nbsp;k\u00fcnnen Sie g\u00fcnstig bei&nbsp;<a href=\"https:\/\/www.akku-plus.com\/\" target=\"_blank\" rel=\"noreferrer noopener\">akku-plus.com<\/a>&nbsp;kaufen. Unsere Handy Akku sind Ersatzakku mit der richtigen Kapazit\u00e4t, die deinen Ausr\u00fcstung sicher mit Strom versorgen. Entdecken Sie unsere leistungsstarken &amp; langlebigen&nbsp;<a href=\"https:\/\/www.akku-plus.com\/brand\/4\/Realme\" target=\"_blank\" rel=\"noreferrer noopener\">Akkus f\u00fcr Realme Handy<\/a>. \u2713 Schnelle Lieferung \u2713 Jetzt einfach &amp; sicher bestellen!<\/p>\n","protected":false},"excerpt":{"rendered":"<p>Mobile World Congress 2025: Chinesischer Hersteller pr\u00e4sentiert Drei-Jahres-Plan und neue 14er-SerieStrategische ZieleAuf dem MWC 2025 in Barcelona verk\u00fcndete Realme ehrgeizige Pl\u00e4ne: Flaggschiff-Modelle: Realme 14 Pro-SerieDas neue Kamera-Duo setzt auf bahnbrechende Technologien:&nbsp;Realme 14 Pro+ (ab 529,99 \u20ac) Realme 14 Pro (ab 429,99 \u20ac) Zukunftsprojekte Begleitprodukte im \u00dcberblick Launch-Details Diese Version betont die strategischen Aspekte, gliedert Informationen [&hellip;]<\/p>\n","protected":false},"author":1,"featured_media":0,"comment_status":"open","ping_status":"open","sticky":false,"template":"","format":"standard","meta":{"footnotes":""},"categories":[6],"tags":[315],"class_list":["post-698","post","type-post","status-publish","format-standard","hentry","category-nachrichten","tag-realme"],"yoast_head":"<!-- This site is optimized with the Yoast SEO plugin v23.7 - https:\/\/yoast.com\/wordpress\/plugins\/seo\/ -->\n<title>Realme k\u00fcndigt Nutzerverdopplung bis 2028 an: Kamera-Innovationen und KI-Features im Fokus - Online-Shop:Akkus, Batterien und Ladeger\u00e4te<\/title>\n<meta name=\"robots\" content=\"index, follow, max-snippet:-1, max-image-preview:large, max-video-preview:-1\" \/>\n<link rel=\"canonical\" href=\"http:\/\/www.akku-plus.com\/akkublog\/2025\/03\/11\/realme-kuendigt-nutzerverdopplung-bis-2028-an-kamera-innovationen-und-ki-features-im-fokus\/\" \/>\n<meta property=\"og:locale\" content=\"de_DE\" \/>\n<meta property=\"og:type\" content=\"article\" \/>\n<meta property=\"og:title\" content=\"Realme k\u00fcndigt Nutzerverdopplung bis 2028 an: Kamera-Innovationen und KI-Features im Fokus - Online-Shop:Akkus, Batterien und Ladeger\u00e4te\" \/>\n<meta property=\"og:description\" content=\"Mobile World Congress 2025: Chinesischer Hersteller pr\u00e4sentiert Drei-Jahres-Plan und neue 14er-SerieStrategische ZieleAuf dem MWC 2025 in Barcelona verk\u00fcndete Realme ehrgeizige Pl\u00e4ne: Flaggschiff-Modelle: Realme 14 Pro-SerieDas neue Kamera-Duo setzt auf bahnbrechende Technologien:&nbsp;Realme 14 Pro+ (ab 529,99 \u20ac) Realme 14 Pro (ab 429,99 \u20ac) Zukunftsprojekte Begleitprodukte im \u00dcberblick Launch-Details Diese Version betont die strategischen Aspekte, gliedert Informationen [&hellip;]\" \/>\n<meta property=\"og:url\" content=\"http:\/\/www.akku-plus.com\/akkublog\/2025\/03\/11\/realme-kuendigt-nutzerverdopplung-bis-2028-an-kamera-innovationen-und-ki-features-im-fokus\/\" \/>\n<meta property=\"og:site_name\" content=\"Online-Shop:Akkus, Batterien und Ladeger\u00e4te\" \/>\n<meta property=\"article:published_time\" content=\"2025-03-11T08:43:01+00:00\" \/>\n<meta property=\"article:modified_time\" content=\"2025-03-11T08:43:03+00:00\" \/>\n<meta name=\"author\" content=\"bella2020\" \/>\n<meta name=\"twitter:card\" content=\"summary_large_image\" \/>\n<meta name=\"twitter:label1\" content=\"Verfasst von\" \/>\n\t<meta name=\"twitter:data1\" content=\"bella2020\" \/>\n\t<meta name=\"twitter:label2\" content=\"Gesch\u00e4tzte Lesezeit\" \/>\n\t<meta name=\"twitter:data2\" content=\"2\u00a0Minuten\" \/>\n<script type=\"application\/ld+json\" class=\"yoast-schema-graph\">{\"@context\":\"https:\/\/schema.org\",\"@graph\":[{\"@type\":\"WebPage\",\"@id\":\"http:\/\/www.akku-plus.com\/akkublog\/2025\/03\/11\/realme-kuendigt-nutzerverdopplung-bis-2028-an-kamera-innovationen-und-ki-features-im-fokus\/\",\"url\":\"http:\/\/www.akku-plus.com\/akkublog\/2025\/03\/11\/realme-kuendigt-nutzerverdopplung-bis-2028-an-kamera-innovationen-und-ki-features-im-fokus\/\",\"name\":\"Realme k\u00fcndigt Nutzerverdopplung bis 2028 an: Kamera-Innovationen und KI-Features im Fokus - Online-Shop:Akkus, Batterien und Ladeger\u00e4te\",\"isPartOf\":{\"@id\":\"http:\/\/www.akku-plus.com\/akkublog\/#website\"},\"datePublished\":\"2025-03-11T08:43:01+00:00\",\"dateModified\":\"2025-03-11T08:43:03+00:00\",\"author\":{\"@id\":\"http:\/\/www.akku-plus.com\/akkublog\/#\/schema\/person\/3241c1dbb5b808bd028b895f1257c196\"},\"breadcrumb\":{\"@id\":\"http:\/\/www.akku-plus.com\/akkublog\/2025\/03\/11\/realme-kuendigt-nutzerverdopplung-bis-2028-an-kamera-innovationen-und-ki-features-im-fokus\/#breadcrumb\"},\"inLanguage\":\"de\",\"potentialAction\":[{\"@type\":\"ReadAction\",\"target\":[\"http:\/\/www.akku-plus.com\/akkublog\/2025\/03\/11\/realme-kuendigt-nutzerverdopplung-bis-2028-an-kamera-innovationen-und-ki-features-im-fokus\/\"]}]},{\"@type\":\"BreadcrumbList\",\"@id\":\"http:\/\/www.akku-plus.com\/akkublog\/2025\/03\/11\/realme-kuendigt-nutzerverdopplung-bis-2028-an-kamera-innovationen-und-ki-features-im-fokus\/#breadcrumb\",\"itemListElement\":[{\"@type\":\"ListItem\",\"position\":1,\"name\":\"Startseite\",\"item\":\"http:\/\/www.akku-plus.com\/akkublog\/\"},{\"@type\":\"ListItem\",\"position\":2,\"name\":\"Realme k\u00fcndigt Nutzerverdopplung bis 2028 an: Kamera-Innovationen und KI-Features im Fokus\"}]},{\"@type\":\"WebSite\",\"@id\":\"http:\/\/www.akku-plus.com\/akkublog\/#website\",\"url\":\"http:\/\/www.akku-plus.com\/akkublog\/\",\"name\":\"Online-Shop:Akkus, Batterien und Ladeger\u00e4te\",\"description\":\"Akku-plus.com ist Ihr Profi f&uuml;r Akkus, Batterien und Ladeger&auml;te! F&uuml;r weit &uuml;ber 100,000 Ger&auml;te haben wir die passenden Ersatzakkus und Batterien und liefern schnell und zuverl&auml;ssig innerhalb Europa.\",\"potentialAction\":[{\"@type\":\"SearchAction\",\"target\":{\"@type\":\"EntryPoint\",\"urlTemplate\":\"http:\/\/www.akku-plus.com\/akkublog\/?s={search_term_string}\"},\"query-input\":{\"@type\":\"PropertyValueSpecification\",\"valueRequired\":true,\"valueName\":\"search_term_string\"}}],\"inLanguage\":\"de\"},{\"@type\":\"Person\",\"@id\":\"http:\/\/www.akku-plus.com\/akkublog\/#\/schema\/person\/3241c1dbb5b808bd028b895f1257c196\",\"name\":\"bella2020\",\"image\":{\"@type\":\"ImageObject\",\"inLanguage\":\"de\",\"@id\":\"http:\/\/www.akku-plus.com\/akkublog\/#\/schema\/person\/image\/\",\"url\":\"http:\/\/1.gravatar.com\/avatar\/133b95318ea74e3b9335c2c761297a2b?s=96&d=mm&r=g\",\"contentUrl\":\"http:\/\/1.gravatar.com\/avatar\/133b95318ea74e3b9335c2c761297a2b?s=96&d=mm&r=g\",\"caption\":\"bella2020\"},\"sameAs\":[\"http:\/\/www.akku-plus.com\/akkublog\"],\"url\":\"http:\/\/www.akku-plus.com\/akkublog\/author\/bella2020\/\"}]}<\/script>\n<!-- \/ Yoast SEO plugin. -->","yoast_head_json":{"title":"Realme k\u00fcndigt Nutzerverdopplung bis 2028 an: Kamera-Innovationen und KI-Features im Fokus - Online-Shop:Akkus, Batterien und Ladeger\u00e4te","robots":{"index":"index","follow":"follow","max-snippet":"max-snippet:-1","max-image-preview":"max-image-preview:large","max-video-preview":"max-video-preview:-1"},"canonical":"http:\/\/www.akku-plus.com\/akkublog\/2025\/03\/11\/realme-kuendigt-nutzerverdopplung-bis-2028-an-kamera-innovationen-und-ki-features-im-fokus\/","og_locale":"de_DE","og_type":"article","og_title":"Realme k\u00fcndigt Nutzerverdopplung bis 2028 an: Kamera-Innovationen und KI-Features im Fokus - Online-Shop:Akkus, Batterien und Ladeger\u00e4te","og_description":"Mobile World Congress 2025: Chinesischer Hersteller pr\u00e4sentiert Drei-Jahres-Plan und neue 14er-SerieStrategische ZieleAuf dem MWC 2025 in Barcelona verk\u00fcndete Realme ehrgeizige Pl\u00e4ne: Flaggschiff-Modelle: Realme 14 Pro-SerieDas neue Kamera-Duo setzt auf bahnbrechende Technologien:&nbsp;Realme 14 Pro+ (ab 529,99 \u20ac) Realme 14 Pro (ab 429,99 \u20ac) Zukunftsprojekte Begleitprodukte im \u00dcberblick Launch-Details Diese Version betont die strategischen Aspekte, gliedert Informationen [&hellip;]","og_url":"http:\/\/www.akku-plus.com\/akkublog\/2025\/03\/11\/realme-kuendigt-nutzerverdopplung-bis-2028-an-kamera-innovationen-und-ki-features-im-fokus\/","og_site_name":"Online-Shop:Akkus, Batterien und Ladeger\u00e4te","article_published_time":"2025-03-11T08:43:01+00:00","article_modified_time":"2025-03-11T08:43:03+00:00","author":"bella2020","twitter_card":"summary_large_image","twitter_misc":{"Verfasst von":"bella2020","Gesch\u00e4tzte Lesezeit":"2\u00a0Minuten"},"schema":{"@context":"https:\/\/schema.org","@graph":[{"@type":"WebPage","@id":"http:\/\/www.akku-plus.com\/akkublog\/2025\/03\/11\/realme-kuendigt-nutzerverdopplung-bis-2028-an-kamera-innovationen-und-ki-features-im-fokus\/","url":"http:\/\/www.akku-plus.com\/akkublog\/2025\/03\/11\/realme-kuendigt-nutzerverdopplung-bis-2028-an-kamera-innovationen-und-ki-features-im-fokus\/","name":"Realme k\u00fcndigt Nutzerverdopplung bis 2028 an: Kamera-Innovationen und KI-Features im Fokus - Online-Shop:Akkus, Batterien und Ladeger\u00e4te","isPartOf":{"@id":"http:\/\/www.akku-plus.com\/akkublog\/#website"},"datePublished":"2025-03-11T08:43:01+00:00","dateModified":"2025-03-11T08:43:03+00:00","author":{"@id":"http:\/\/www.akku-plus.com\/akkublog\/#\/schema\/person\/3241c1dbb5b808bd028b895f1257c196"},"breadcrumb":{"@id":"http:\/\/www.akku-plus.com\/akkublog\/2025\/03\/11\/realme-kuendigt-nutzerverdopplung-bis-2028-an-kamera-innovationen-und-ki-features-im-fokus\/#breadcrumb"},"inLanguage":"de","potentialAction":[{"@type":"ReadAction","target":["http:\/\/www.akku-plus.com\/akkublog\/2025\/03\/11\/realme-kuendigt-nutzerverdopplung-bis-2028-an-kamera-innovationen-und-ki-features-im-fokus\/"]}]},{"@type":"BreadcrumbList","@id":"http:\/\/www.akku-plus.com\/akkublog\/2025\/03\/11\/realme-kuendigt-nutzerverdopplung-bis-2028-an-kamera-innovationen-und-ki-features-im-fokus\/#breadcrumb","itemListElement":[{"@type":"ListItem","position":1,"name":"Startseite","item":"http:\/\/www.akku-plus.com\/akkublog\/"},{"@type":"ListItem","position":2,"name":"Realme k\u00fcndigt Nutzerverdopplung bis 2028 an: Kamera-Innovationen und KI-Features im Fokus"}]},{"@type":"WebSite","@id":"http:\/\/www.akku-plus.com\/akkublog\/#website","url":"http:\/\/www.akku-plus.com\/akkublog\/","name":"Online-Shop:Akkus, Batterien und Ladeger\u00e4te","description":"Akku-plus.com ist Ihr Profi f&uuml;r Akkus, Batterien und Ladeger&auml;te! F&uuml;r weit &uuml;ber 100,000 Ger&auml;te haben wir die passenden Ersatzakkus und Batterien und liefern schnell und zuverl&auml;ssig innerhalb Europa.","potentialAction":[{"@type":"SearchAction","target":{"@type":"EntryPoint","urlTemplate":"http:\/\/www.akku-plus.com\/akkublog\/?s={search_term_string}"},"query-input":{"@type":"PropertyValueSpecification","valueRequired":true,"valueName":"search_term_string"}}],"inLanguage":"de"},{"@type":"Person","@id":"http:\/\/www.akku-plus.com\/akkublog\/#\/schema\/person\/3241c1dbb5b808bd028b895f1257c196","name":"bella2020","image":{"@type":"ImageObject","inLanguage":"de","@id":"http:\/\/www.akku-plus.com\/akkublog\/#\/schema\/person\/image\/","url":"http:\/\/1.gravatar.com\/avatar\/133b95318ea74e3b9335c2c761297a2b?s=96&d=mm&r=g","contentUrl":"http:\/\/1.gravatar.com\/avatar\/133b95318ea74e3b9335c2c761297a2b?s=96&d=mm&r=g","caption":"bella2020"},"sameAs":["http:\/\/www.akku-plus.com\/akkublog"],"url":"http:\/\/www.akku-plus.com\/akkublog\/author\/bella2020\/"}]}},"_links":{"self":[{"href":"http:\/\/www.akku-plus.com\/akkublog\/wp-json\/wp\/v2\/posts\/698"}],"collection":[{"href":"http:\/\/www.akku-plus.com\/akkublog\/wp-json\/wp\/v2\/posts"}],"about":[{"href":"http:\/\/www.akku-plus.com\/akkublog\/wp-json\/wp\/v2\/types\/post"}],"author":[{"embeddable":true,"href":"http:\/\/www.akku-plus.com\/akkublog\/wp-json\/wp\/v2\/users\/1"}],"replies":[{"embeddable":true,"href":"http:\/\/www.akku-plus.com\/akkublog\/wp-json\/wp\/v2\/comments?post=698"}],"version-history":[{"count":1,"href":"http:\/\/www.akku-plus.com\/akkublog\/wp-json\/wp\/v2\/posts\/698\/revisions"}],"predecessor-version":[{"id":699,"href":"http:\/\/www.akku-plus.com\/akkublog\/wp-json\/wp\/v2\/posts\/698\/revisions\/699"}],"wp:attachment":[{"href":"http:\/\/www.akku-plus.com\/akkublog\/wp-json\/wp\/v2\/media?parent=698"}],"wp:term":[{"taxonomy":"category","embeddable":true,"href":"http:\/\/www.akku-plus.com\/akkublog\/wp-json\/wp\/v2\/categories?post=698"},{"taxonomy":"post_tag","embeddable":true,"href":"http:\/\/www.akku-plus.com\/akkublog\/wp-json\/wp\/v2\/tags?post=698"}],"curies":[{"name":"wp","href":"https:\/\/api.w.org\/{rel}","templated":true}]}}