{"id":912,"date":"2025-07-01T08:57:19","date_gmt":"2025-07-01T08:57:19","guid":{"rendered":"https:\/\/www.akku-plus.com\/akkublog\/?p=912"},"modified":"2025-07-01T08:57:20","modified_gmt":"2025-07-01T08:57:20","slug":"vivo-x200-fe-kompaktes-powerpaket-mit-riesendakku-kommt-nach-europa","status":"publish","type":"post","link":"http:\/\/www.akku-plus.com\/akkublog\/2025\/07\/01\/vivo-x200-fe-kompaktes-powerpaket-mit-riesendakku-kommt-nach-europa\/","title":{"rendered":"Vivo X200 FE: Kompaktes Powerpaket mit Riesendakku kommt nach Europa"},"content":{"rendered":"\n<p><a href=\"https:\/\/www.akku-plus.com\/brand\/4\/VIVO\" target=\"_blank\" rel=\"noreferrer noopener\">Vivo<\/a>&nbsp;hat seine X200-Serie um ein neues, besonders handliches Modell erweitert: Das&nbsp;<strong>X200 FE<\/strong>&nbsp;k\u00fcrzlich in Taiwan vorgestellt und soll&nbsp;<strong>bereits am 11. Juli 2024 in Europa starten<\/strong>. Der Preis f\u00fcr das Mittelklasse-Smartphone wird bei&nbsp;<strong>799 Euro<\/strong>&nbsp;liegen. Erh\u00e4ltlich sein wird es exklusiv bei&nbsp;<strong>Amazon und MediaMarkt<\/strong>.<\/p>\n\n\n\n<p>Das Design des X200 FE \u00fcberzeugt durch seine&nbsp;<strong>kompakten Ma\u00dfe<\/strong>&nbsp;(150 x 83 x 7,99 mm) und ein&nbsp;<strong>leichtes Gewicht<\/strong>&nbsp;von nur 186 Gramm. Trotz der handlichen Gr\u00f6\u00dfe setzt Vivo auf eine&nbsp;<strong>beachtliche Akkukapazit\u00e4t von 6.500 mAh<\/strong>&nbsp;\u2013 ein Spitzenwert in dieser Ger\u00e4teklasse, der sogar viele gr\u00f6\u00dfere Flaggschiffe deutlich \u00fcbertrifft. Zum Vergleich: Das \u00e4hnlich gro\u00dfe Apple iPhone 16 Pro kommt nur auf 3.582 mAh. Zus\u00e4tzlich unterst\u00fctzt das Ger\u00e4t&nbsp;<strong>schnelles Laden mit 90 Watt<\/strong>&nbsp;\u00fcber USB-C. Vivo verspricht damit bis zu 9,5 Stunden Gaming oder \u00fcber 25 Stunden YouTube-Wiedergabe.<\/p>\n\n\n\n<p><strong>Leistung und Display:<\/strong><br>Angetrieben wird das X200 FE vom&nbsp;<strong>MediaTek Dimensity 9300+<\/strong>&nbsp;Prozessor. Dieser spezielle Chipsatz verzichtet auf Effizienzkerne und setzt stattdessen auf einen leistungsstarken Cortex-X4-Kern (bis zu 3,4 GHz) sowie sieben Cortex-A720-Kerne f\u00fcr eine optimierte Balance aus Power und Energieeffizienz. Das&nbsp;<strong>6,31 Zoll gro\u00dfe Display<\/strong>&nbsp;bietet eine scharfe Aufl\u00f6sung von 1.216 x 2.640 Pixeln und eine&nbsp;<strong>variable Bildwiederholrate von 120 Hz<\/strong>&nbsp;f\u00fcr fl\u00fcssiges Scrollen und Gaming.<\/p>\n\n\n\n<p><strong>Kamera-System mit Zeiss-Optik:<\/strong><br>Ein weiteres Highlight ist das vielseitige Kamera-System, das in Zusammenarbeit mit&nbsp;<strong>Zeiss<\/strong>&nbsp;entwickelt wurde. Auf der R\u00fcckseite finden sich drei Hauptkameras:<\/p>\n\n\n\n<ul class=\"wp-block-list\">\n<li>Eine\u00a0<strong>50-MP-Hauptkamera<\/strong>\u00a0mit Sony IMX921-Sensor (1\/1,56 Zoll, f\/1.88 Blende, OIS)<\/li>\n\n\n\n<li>Eine\u00a0<strong>50-MP-Telekamera<\/strong>\u00a0(f\/2.65 Blende, 1\/2-Zoll-Sensor)<\/li>\n\n\n\n<li>Eine\u00a0<strong>8-MP-Ultraweitwinkel-Kamera<\/strong>\u00a0(f\/2.2 Blende)<br>F\u00fcr Selfies und Videoanrufe sorgt eine\u00a0<strong>50-MP-Frontkamera<\/strong>\u00a0(f\/2.0 Blende). KI-Funktionen wie das \u201eAI Image Studio\u201c und der \u201eImage Expander\u201c erm\u00f6glichen zudem nachtr\u00e4gliche Bildverbesserungen und kreative Bearbeitung.<\/li>\n<\/ul>\n\n\n\n<p><strong>Software-Support:<\/strong><br>Vivo sichert f\u00fcr das X200 FE einen langfristigen Support zu: Es werden&nbsp;<strong>f\u00fcnf Jahre lang Sicherheitsupdates<\/strong>&nbsp;sowie&nbsp;<strong>f\u00fcnf gro\u00dfe Android-Versionsupdates<\/strong>&nbsp;geliefert.<\/p>\n\n\n\n<p><strong>Fazit:<\/strong><br>Das Vivo X200 FE positioniert sich als&nbsp;<strong>kompakte und leistungsstarke Alternative<\/strong>&nbsp;in der gehobenen Mittelklasse. Sein gr\u00f6\u00dfter Trumpf ist die au\u00dfergew\u00f6hnlich gro\u00dfe&nbsp;<a href=\"https:\/\/www.akku-plus.com\/brand\/4\/VIVO\" target=\"_blank\" rel=\"noreferrer noopener\">Akkukapazit\u00e4t<\/a>&nbsp;in einem sehr handlichen Geh\u00e4use, kombiniert mit einem vielversprechenden Kamerasystem und schneller Ladegeschwindigkeit. Es richtet sich an Nutzer, die Leistung und Ausdauer ohne die Gr\u00f6\u00dfe typischer Flaggschiffe suchen.<\/p>\n","protected":false},"excerpt":{"rendered":"<p>Vivo&nbsp;hat seine X200-Serie um ein neues, besonders handliches Modell erweitert: Das&nbsp;X200 FE&nbsp;k\u00fcrzlich in Taiwan vorgestellt und soll&nbsp;bereits am 11. Juli 2024 in Europa starten. Der Preis f\u00fcr das Mittelklasse-Smartphone wird bei&nbsp;799 Euro&nbsp;liegen. Erh\u00e4ltlich sein wird es exklusiv bei&nbsp;Amazon und MediaMarkt. Das Design des X200 FE \u00fcberzeugt durch seine&nbsp;kompakten Ma\u00dfe&nbsp;(150 x 83 x 7,99 mm) und [&hellip;]<\/p>\n","protected":false},"author":1,"featured_media":0,"comment_status":"open","ping_status":"open","sticky":false,"template":"","format":"standard","meta":{"footnotes":""},"categories":[6],"tags":[430],"class_list":["post-912","post","type-post","status-publish","format-standard","hentry","category-nachrichten","tag-vivo-x200-fe"],"yoast_head":"<!-- This site is optimized with the Yoast SEO plugin v23.7 - https:\/\/yoast.com\/wordpress\/plugins\/seo\/ -->\n<title>Vivo X200 FE: Kompaktes Powerpaket mit Riesendakku kommt nach Europa - Online-Shop:Akkus, Batterien und Ladeger\u00e4te<\/title>\n<meta name=\"robots\" content=\"index, follow, max-snippet:-1, max-image-preview:large, max-video-preview:-1\" \/>\n<link rel=\"canonical\" href=\"http:\/\/www.akku-plus.com\/akkublog\/2025\/07\/01\/vivo-x200-fe-kompaktes-powerpaket-mit-riesendakku-kommt-nach-europa\/\" \/>\n<meta property=\"og:locale\" content=\"de_DE\" \/>\n<meta property=\"og:type\" content=\"article\" \/>\n<meta property=\"og:title\" content=\"Vivo X200 FE: Kompaktes Powerpaket mit Riesendakku kommt nach Europa - Online-Shop:Akkus, Batterien und Ladeger\u00e4te\" \/>\n<meta property=\"og:description\" content=\"Vivo&nbsp;hat seine X200-Serie um ein neues, besonders handliches Modell erweitert: Das&nbsp;X200 FE&nbsp;k\u00fcrzlich in Taiwan vorgestellt und soll&nbsp;bereits am 11. Juli 2024 in Europa starten. Der Preis f\u00fcr das Mittelklasse-Smartphone wird bei&nbsp;799 Euro&nbsp;liegen. Erh\u00e4ltlich sein wird es exklusiv bei&nbsp;Amazon und MediaMarkt. Das Design des X200 FE \u00fcberzeugt durch seine&nbsp;kompakten Ma\u00dfe&nbsp;(150 x 83 x 7,99 mm) und [&hellip;]\" \/>\n<meta property=\"og:url\" content=\"http:\/\/www.akku-plus.com\/akkublog\/2025\/07\/01\/vivo-x200-fe-kompaktes-powerpaket-mit-riesendakku-kommt-nach-europa\/\" \/>\n<meta property=\"og:site_name\" content=\"Online-Shop:Akkus, Batterien und Ladeger\u00e4te\" \/>\n<meta property=\"article:published_time\" content=\"2025-07-01T08:57:19+00:00\" \/>\n<meta property=\"article:modified_time\" content=\"2025-07-01T08:57:20+00:00\" \/>\n<meta name=\"author\" content=\"bella2020\" \/>\n<meta name=\"twitter:card\" content=\"summary_large_image\" \/>\n<meta name=\"twitter:label1\" content=\"Verfasst von\" \/>\n\t<meta name=\"twitter:data1\" content=\"bella2020\" \/>\n\t<meta name=\"twitter:label2\" content=\"Gesch\u00e4tzte Lesezeit\" \/>\n\t<meta name=\"twitter:data2\" content=\"2\u00a0Minuten\" \/>\n<script type=\"application\/ld+json\" class=\"yoast-schema-graph\">{\"@context\":\"https:\/\/schema.org\",\"@graph\":[{\"@type\":\"WebPage\",\"@id\":\"http:\/\/www.akku-plus.com\/akkublog\/2025\/07\/01\/vivo-x200-fe-kompaktes-powerpaket-mit-riesendakku-kommt-nach-europa\/\",\"url\":\"http:\/\/www.akku-plus.com\/akkublog\/2025\/07\/01\/vivo-x200-fe-kompaktes-powerpaket-mit-riesendakku-kommt-nach-europa\/\",\"name\":\"Vivo X200 FE: Kompaktes Powerpaket mit Riesendakku kommt nach Europa - Online-Shop:Akkus, Batterien und Ladeger\u00e4te\",\"isPartOf\":{\"@id\":\"http:\/\/www.akku-plus.com\/akkublog\/#website\"},\"datePublished\":\"2025-07-01T08:57:19+00:00\",\"dateModified\":\"2025-07-01T08:57:20+00:00\",\"author\":{\"@id\":\"http:\/\/www.akku-plus.com\/akkublog\/#\/schema\/person\/3241c1dbb5b808bd028b895f1257c196\"},\"breadcrumb\":{\"@id\":\"http:\/\/www.akku-plus.com\/akkublog\/2025\/07\/01\/vivo-x200-fe-kompaktes-powerpaket-mit-riesendakku-kommt-nach-europa\/#breadcrumb\"},\"inLanguage\":\"de\",\"potentialAction\":[{\"@type\":\"ReadAction\",\"target\":[\"http:\/\/www.akku-plus.com\/akkublog\/2025\/07\/01\/vivo-x200-fe-kompaktes-powerpaket-mit-riesendakku-kommt-nach-europa\/\"]}]},{\"@type\":\"BreadcrumbList\",\"@id\":\"http:\/\/www.akku-plus.com\/akkublog\/2025\/07\/01\/vivo-x200-fe-kompaktes-powerpaket-mit-riesendakku-kommt-nach-europa\/#breadcrumb\",\"itemListElement\":[{\"@type\":\"ListItem\",\"position\":1,\"name\":\"Startseite\",\"item\":\"http:\/\/www.akku-plus.com\/akkublog\/\"},{\"@type\":\"ListItem\",\"position\":2,\"name\":\"Vivo X200 FE: Kompaktes Powerpaket mit Riesendakku kommt nach Europa\"}]},{\"@type\":\"WebSite\",\"@id\":\"http:\/\/www.akku-plus.com\/akkublog\/#website\",\"url\":\"http:\/\/www.akku-plus.com\/akkublog\/\",\"name\":\"Online-Shop:Akkus, Batterien und Ladeger\u00e4te\",\"description\":\"Akku-plus.com ist Ihr Profi f&uuml;r Akkus, Batterien und Ladeger&auml;te! F&uuml;r weit &uuml;ber 100,000 Ger&auml;te haben wir die passenden Ersatzakkus und Batterien und liefern schnell und zuverl&auml;ssig innerhalb Europa.\",\"potentialAction\":[{\"@type\":\"SearchAction\",\"target\":{\"@type\":\"EntryPoint\",\"urlTemplate\":\"http:\/\/www.akku-plus.com\/akkublog\/?s={search_term_string}\"},\"query-input\":{\"@type\":\"PropertyValueSpecification\",\"valueRequired\":true,\"valueName\":\"search_term_string\"}}],\"inLanguage\":\"de\"},{\"@type\":\"Person\",\"@id\":\"http:\/\/www.akku-plus.com\/akkublog\/#\/schema\/person\/3241c1dbb5b808bd028b895f1257c196\",\"name\":\"bella2020\",\"image\":{\"@type\":\"ImageObject\",\"inLanguage\":\"de\",\"@id\":\"http:\/\/www.akku-plus.com\/akkublog\/#\/schema\/person\/image\/\",\"url\":\"http:\/\/1.gravatar.com\/avatar\/133b95318ea74e3b9335c2c761297a2b?s=96&d=mm&r=g\",\"contentUrl\":\"http:\/\/1.gravatar.com\/avatar\/133b95318ea74e3b9335c2c761297a2b?s=96&d=mm&r=g\",\"caption\":\"bella2020\"},\"sameAs\":[\"http:\/\/www.akku-plus.com\/akkublog\"],\"url\":\"http:\/\/www.akku-plus.com\/akkublog\/author\/bella2020\/\"}]}<\/script>\n<!-- \/ Yoast SEO plugin. -->","yoast_head_json":{"title":"Vivo X200 FE: Kompaktes Powerpaket mit Riesendakku kommt nach Europa - Online-Shop:Akkus, Batterien und Ladeger\u00e4te","robots":{"index":"index","follow":"follow","max-snippet":"max-snippet:-1","max-image-preview":"max-image-preview:large","max-video-preview":"max-video-preview:-1"},"canonical":"http:\/\/www.akku-plus.com\/akkublog\/2025\/07\/01\/vivo-x200-fe-kompaktes-powerpaket-mit-riesendakku-kommt-nach-europa\/","og_locale":"de_DE","og_type":"article","og_title":"Vivo X200 FE: Kompaktes Powerpaket mit Riesendakku kommt nach Europa - Online-Shop:Akkus, Batterien und Ladeger\u00e4te","og_description":"Vivo&nbsp;hat seine X200-Serie um ein neues, besonders handliches Modell erweitert: Das&nbsp;X200 FE&nbsp;k\u00fcrzlich in Taiwan vorgestellt und soll&nbsp;bereits am 11. Juli 2024 in Europa starten. Der Preis f\u00fcr das Mittelklasse-Smartphone wird bei&nbsp;799 Euro&nbsp;liegen. Erh\u00e4ltlich sein wird es exklusiv bei&nbsp;Amazon und MediaMarkt. Das Design des X200 FE \u00fcberzeugt durch seine&nbsp;kompakten Ma\u00dfe&nbsp;(150 x 83 x 7,99 mm) und [&hellip;]","og_url":"http:\/\/www.akku-plus.com\/akkublog\/2025\/07\/01\/vivo-x200-fe-kompaktes-powerpaket-mit-riesendakku-kommt-nach-europa\/","og_site_name":"Online-Shop:Akkus, Batterien und Ladeger\u00e4te","article_published_time":"2025-07-01T08:57:19+00:00","article_modified_time":"2025-07-01T08:57:20+00:00","author":"bella2020","twitter_card":"summary_large_image","twitter_misc":{"Verfasst von":"bella2020","Gesch\u00e4tzte Lesezeit":"2\u00a0Minuten"},"schema":{"@context":"https:\/\/schema.org","@graph":[{"@type":"WebPage","@id":"http:\/\/www.akku-plus.com\/akkublog\/2025\/07\/01\/vivo-x200-fe-kompaktes-powerpaket-mit-riesendakku-kommt-nach-europa\/","url":"http:\/\/www.akku-plus.com\/akkublog\/2025\/07\/01\/vivo-x200-fe-kompaktes-powerpaket-mit-riesendakku-kommt-nach-europa\/","name":"Vivo X200 FE: Kompaktes Powerpaket mit Riesendakku kommt nach Europa - Online-Shop:Akkus, Batterien und Ladeger\u00e4te","isPartOf":{"@id":"http:\/\/www.akku-plus.com\/akkublog\/#website"},"datePublished":"2025-07-01T08:57:19+00:00","dateModified":"2025-07-01T08:57:20+00:00","author":{"@id":"http:\/\/www.akku-plus.com\/akkublog\/#\/schema\/person\/3241c1dbb5b808bd028b895f1257c196"},"breadcrumb":{"@id":"http:\/\/www.akku-plus.com\/akkublog\/2025\/07\/01\/vivo-x200-fe-kompaktes-powerpaket-mit-riesendakku-kommt-nach-europa\/#breadcrumb"},"inLanguage":"de","potentialAction":[{"@type":"ReadAction","target":["http:\/\/www.akku-plus.com\/akkublog\/2025\/07\/01\/vivo-x200-fe-kompaktes-powerpaket-mit-riesendakku-kommt-nach-europa\/"]}]},{"@type":"BreadcrumbList","@id":"http:\/\/www.akku-plus.com\/akkublog\/2025\/07\/01\/vivo-x200-fe-kompaktes-powerpaket-mit-riesendakku-kommt-nach-europa\/#breadcrumb","itemListElement":[{"@type":"ListItem","position":1,"name":"Startseite","item":"http:\/\/www.akku-plus.com\/akkublog\/"},{"@type":"ListItem","position":2,"name":"Vivo X200 FE: Kompaktes Powerpaket mit Riesendakku kommt nach Europa"}]},{"@type":"WebSite","@id":"http:\/\/www.akku-plus.com\/akkublog\/#website","url":"http:\/\/www.akku-plus.com\/akkublog\/","name":"Online-Shop:Akkus, Batterien und Ladeger\u00e4te","description":"Akku-plus.com ist Ihr Profi f&uuml;r Akkus, Batterien und Ladeger&auml;te! F&uuml;r weit &uuml;ber 100,000 Ger&auml;te haben wir die passenden Ersatzakkus und Batterien und liefern schnell und zuverl&auml;ssig innerhalb Europa.","potentialAction":[{"@type":"SearchAction","target":{"@type":"EntryPoint","urlTemplate":"http:\/\/www.akku-plus.com\/akkublog\/?s={search_term_string}"},"query-input":{"@type":"PropertyValueSpecification","valueRequired":true,"valueName":"search_term_string"}}],"inLanguage":"de"},{"@type":"Person","@id":"http:\/\/www.akku-plus.com\/akkublog\/#\/schema\/person\/3241c1dbb5b808bd028b895f1257c196","name":"bella2020","image":{"@type":"ImageObject","inLanguage":"de","@id":"http:\/\/www.akku-plus.com\/akkublog\/#\/schema\/person\/image\/","url":"http:\/\/1.gravatar.com\/avatar\/133b95318ea74e3b9335c2c761297a2b?s=96&d=mm&r=g","contentUrl":"http:\/\/1.gravatar.com\/avatar\/133b95318ea74e3b9335c2c761297a2b?s=96&d=mm&r=g","caption":"bella2020"},"sameAs":["http:\/\/www.akku-plus.com\/akkublog"],"url":"http:\/\/www.akku-plus.com\/akkublog\/author\/bella2020\/"}]}},"_links":{"self":[{"href":"http:\/\/www.akku-plus.com\/akkublog\/wp-json\/wp\/v2\/posts\/912"}],"collection":[{"href":"http:\/\/www.akku-plus.com\/akkublog\/wp-json\/wp\/v2\/posts"}],"about":[{"href":"http:\/\/www.akku-plus.com\/akkublog\/wp-json\/wp\/v2\/types\/post"}],"author":[{"embeddable":true,"href":"http:\/\/www.akku-plus.com\/akkublog\/wp-json\/wp\/v2\/users\/1"}],"replies":[{"embeddable":true,"href":"http:\/\/www.akku-plus.com\/akkublog\/wp-json\/wp\/v2\/comments?post=912"}],"version-history":[{"count":1,"href":"http:\/\/www.akku-plus.com\/akkublog\/wp-json\/wp\/v2\/posts\/912\/revisions"}],"predecessor-version":[{"id":913,"href":"http:\/\/www.akku-plus.com\/akkublog\/wp-json\/wp\/v2\/posts\/912\/revisions\/913"}],"wp:attachment":[{"href":"http:\/\/www.akku-plus.com\/akkublog\/wp-json\/wp\/v2\/media?parent=912"}],"wp:term":[{"taxonomy":"category","embeddable":true,"href":"http:\/\/www.akku-plus.com\/akkublog\/wp-json\/wp\/v2\/categories?post=912"},{"taxonomy":"post_tag","embeddable":true,"href":"http:\/\/www.akku-plus.com\/akkublog\/wp-json\/wp\/v2\/tags?post=912"}],"curies":[{"name":"wp","href":"https:\/\/api.w.org\/{rel}","templated":true}]}}