{"id":1163,"date":"2026-03-11T10:15:03","date_gmt":"2026-03-11T10:15:03","guid":{"rendered":"https:\/\/www.akku-plus.com\/akkublog\/?p=1163"},"modified":"2026-03-11T10:15:05","modified_gmt":"2026-03-11T10:15:05","slug":"apples-grosser-produktausverkauf-25-geraete-verschwinden-im-jahr-2025-aus-dem-sortiment","status":"publish","type":"post","link":"https:\/\/www.akku-plus.com\/akkublog\/2026\/03\/11\/apples-grosser-produktausverkauf-25-geraete-verschwinden-im-jahr-2025-aus-dem-sortiment\/","title":{"rendered":"Apples gro\u00dfer Produktausverkauf: 25 Ger\u00e4te verschwinden im Jahr 2025 aus dem Sortiment"},"content":{"rendered":"\n<p>Ohne gro\u00dfes Aufsehen hat Apple im Laufe des Jahres 2025 den Verkauf von insgesamt 25 Produkten eingestellt. Wie aus Berichten hervorgeht, sind davon Ger\u00e4te nahezu aller Kategorien betroffen \u2013 von iPhones \u00fcber iPads und Macs bis hin zu Apple Watches und diversem Zubeh\u00f6r.<\/p>\n\n\n\n<p>Eine besonders symboltr\u00e4chtige Z\u00e4sur markierte das Aus des&nbsp;<a href=\"https:\/\/www.akku-plus.com\/detail\/Apple\/A2312\/1741073\" target=\"_blank\" rel=\"noreferrer noopener\">iPhone SE<\/a>&nbsp;(3. Generation) im Februar 2025. Mit ihm verschwand das letzte iPhone mit Home-Button, Touch-ID, LCD-Display und Lightning-Anschluss aus dem Portfolio. Seither setzt Apple konsequent auf Face-ID, OLED-Displays, USB-C und gr\u00f6\u00dfere Bildschirmdiagonalen.<\/p>\n\n\n\n<p><strong>iPhones, iPads und Macs im Umbruch<\/strong><br>Auch innerhalb der regul\u00e4ren iPhone-Reihe wurde kr\u00e4ftig ausgemistet. So strich Apple mehrere Modelle, darunter das&nbsp;<a href=\"https:\/\/www.akku-plus.com\/detail\/Apple\/A2850\/1745525\" target=\"_blank\" rel=\"noreferrer noopener\">iPhone 14 Plus<\/a>&nbsp;und 15 Plus sowie weitere \u00e4ltere Generationen. Insgesamt sollen im Laufe des Jahres sieben iPhone-Modelle aus dem Verkauf genommen worden sein.<\/p>\n\n\n\n<p>Bei den iPads und Macs fiel der Umbau zwar weniger radikal aus, folgte aber dem gleichen Prinzip: \u00c4ltere Versionen wie das iPad Pro mit M4, das iPad Air mit M2 oder verschiedene MacBook-Air-Modelle mit M2- und M3-Chips verschwanden \u2013 sie machten Platz f\u00fcr ihre jeweiligen Nachfolger. Ebenfalls ersetzt wurden der Mac Studio mit M2 Max und M2 Ultra sowie bestimmte MacBook-Pro-Varianten.<\/p>\n\n\n\n<p><strong>Neue Linie bei Watch, AirPods und Zubeh\u00f6r<\/strong><br>Im Wearable-Bereich stellte Apple die Apple Watch Series 10, die Ultra 2 sowie die SE (2. Generation) ein und ersetzte sie durch neuere Modelle. Gleiches gilt f\u00fcr die AirPods Pro 2, die der dritten Generation weichen mussten.<\/p>\n\n\n\n<p>Auch beim Zubeh\u00f6r wurde aufger\u00e4umt: Mehrere Ladeger\u00e4te und Adapter verschwanden aus dem Sortiment oder wurden modernisiert. Besonders deutlich wird der eingeschlagene Kurswechsel beim Aus des Lightning-auf-3,5-mm-Audiokabels \u2013 dem letzten Relikt der alten Lightning-\u00c4ra.<\/p>\n\n\n\n<p>Unterm Strich verfolgt Apple mit diesen Ma\u00dfnahmen ein klares Ziel: Ein einheitliches, modernes \u00d6kosystem, das konsequent auf USB-C, aktuelle Chips und ein zeitgem\u00e4\u00dfes Design setzt.<\/p>\n","protected":false},"excerpt":{"rendered":"<p>Ohne gro\u00dfes Aufsehen hat Apple im Laufe des Jahres 2025 den Verkauf von insgesamt 25 Produkten eingestellt. Wie aus Berichten hervorgeht, sind davon Ger\u00e4te nahezu aller Kategorien betroffen \u2013 von iPhones \u00fcber iPads und Macs bis hin zu Apple Watches und diversem Zubeh\u00f6r. Eine besonders symboltr\u00e4chtige Z\u00e4sur markierte das Aus des&nbsp;iPhone SE&nbsp;(3. Generation) im Februar [&hellip;]<\/p>\n","protected":false},"author":1,"featured_media":0,"comment_status":"open","ping_status":"open","sticky":false,"template":"","format":"standard","meta":{"footnotes":""},"categories":[6],"tags":[],"class_list":["post-1163","post","type-post","status-publish","format-standard","hentry","category-nachrichten"],"yoast_head":"<!-- This site is optimized with the Yoast SEO plugin v23.7 - https:\/\/yoast.com\/wordpress\/plugins\/seo\/ -->\n<title>Apples gro\u00dfer Produktausverkauf: 25 Ger\u00e4te verschwinden im Jahr 2025 aus dem Sortiment - Online-Shop:Akkus, Batterien und Ladeger\u00e4te<\/title>\n<meta name=\"robots\" content=\"index, follow, max-snippet:-1, max-image-preview:large, max-video-preview:-1\" \/>\n<link rel=\"canonical\" href=\"https:\/\/www.akku-plus.com\/akkublog\/2026\/03\/11\/apples-grosser-produktausverkauf-25-geraete-verschwinden-im-jahr-2025-aus-dem-sortiment\/\" \/>\n<meta property=\"og:locale\" content=\"de_DE\" \/>\n<meta property=\"og:type\" content=\"article\" \/>\n<meta property=\"og:title\" content=\"Apples gro\u00dfer Produktausverkauf: 25 Ger\u00e4te verschwinden im Jahr 2025 aus dem Sortiment - Online-Shop:Akkus, Batterien und Ladeger\u00e4te\" \/>\n<meta property=\"og:description\" content=\"Ohne gro\u00dfes Aufsehen hat Apple im Laufe des Jahres 2025 den Verkauf von insgesamt 25 Produkten eingestellt. Wie aus Berichten hervorgeht, sind davon Ger\u00e4te nahezu aller Kategorien betroffen \u2013 von iPhones \u00fcber iPads und Macs bis hin zu Apple Watches und diversem Zubeh\u00f6r. Eine besonders symboltr\u00e4chtige Z\u00e4sur markierte das Aus des&nbsp;iPhone SE&nbsp;(3. Generation) im Februar [&hellip;]\" \/>\n<meta property=\"og:url\" content=\"https:\/\/www.akku-plus.com\/akkublog\/2026\/03\/11\/apples-grosser-produktausverkauf-25-geraete-verschwinden-im-jahr-2025-aus-dem-sortiment\/\" \/>\n<meta property=\"og:site_name\" content=\"Online-Shop:Akkus, Batterien und Ladeger\u00e4te\" \/>\n<meta property=\"article:published_time\" content=\"2026-03-11T10:15:03+00:00\" \/>\n<meta property=\"article:modified_time\" content=\"2026-03-11T10:15:05+00:00\" \/>\n<meta name=\"author\" content=\"bella2020\" \/>\n<meta name=\"twitter:card\" content=\"summary_large_image\" \/>\n<meta name=\"twitter:label1\" content=\"Verfasst von\" \/>\n\t<meta name=\"twitter:data1\" content=\"bella2020\" \/>\n\t<meta name=\"twitter:label2\" content=\"Gesch\u00e4tzte Lesezeit\" \/>\n\t<meta name=\"twitter:data2\" content=\"2\u00a0Minuten\" \/>\n<script type=\"application\/ld+json\" class=\"yoast-schema-graph\">{\"@context\":\"https:\/\/schema.org\",\"@graph\":[{\"@type\":\"WebPage\",\"@id\":\"https:\/\/www.akku-plus.com\/akkublog\/2026\/03\/11\/apples-grosser-produktausverkauf-25-geraete-verschwinden-im-jahr-2025-aus-dem-sortiment\/\",\"url\":\"https:\/\/www.akku-plus.com\/akkublog\/2026\/03\/11\/apples-grosser-produktausverkauf-25-geraete-verschwinden-im-jahr-2025-aus-dem-sortiment\/\",\"name\":\"Apples gro\u00dfer Produktausverkauf: 25 Ger\u00e4te verschwinden im Jahr 2025 aus dem Sortiment - Online-Shop:Akkus, Batterien und Ladeger\u00e4te\",\"isPartOf\":{\"@id\":\"http:\/\/www.akku-plus.com\/akkublog\/#website\"},\"datePublished\":\"2026-03-11T10:15:03+00:00\",\"dateModified\":\"2026-03-11T10:15:05+00:00\",\"author\":{\"@id\":\"http:\/\/www.akku-plus.com\/akkublog\/#\/schema\/person\/3241c1dbb5b808bd028b895f1257c196\"},\"breadcrumb\":{\"@id\":\"https:\/\/www.akku-plus.com\/akkublog\/2026\/03\/11\/apples-grosser-produktausverkauf-25-geraete-verschwinden-im-jahr-2025-aus-dem-sortiment\/#breadcrumb\"},\"inLanguage\":\"de\",\"potentialAction\":[{\"@type\":\"ReadAction\",\"target\":[\"https:\/\/www.akku-plus.com\/akkublog\/2026\/03\/11\/apples-grosser-produktausverkauf-25-geraete-verschwinden-im-jahr-2025-aus-dem-sortiment\/\"]}]},{\"@type\":\"BreadcrumbList\",\"@id\":\"https:\/\/www.akku-plus.com\/akkublog\/2026\/03\/11\/apples-grosser-produktausverkauf-25-geraete-verschwinden-im-jahr-2025-aus-dem-sortiment\/#breadcrumb\",\"itemListElement\":[{\"@type\":\"ListItem\",\"position\":1,\"name\":\"Startseite\",\"item\":\"http:\/\/www.akku-plus.com\/akkublog\/\"},{\"@type\":\"ListItem\",\"position\":2,\"name\":\"Apples gro\u00dfer Produktausverkauf: 25 Ger\u00e4te verschwinden im Jahr 2025 aus dem Sortiment\"}]},{\"@type\":\"WebSite\",\"@id\":\"http:\/\/www.akku-plus.com\/akkublog\/#website\",\"url\":\"http:\/\/www.akku-plus.com\/akkublog\/\",\"name\":\"Online-Shop:Akkus, Batterien und Ladeger\u00e4te\",\"description\":\"Akku-plus.com ist Ihr Profi f&uuml;r Akkus, Batterien und Ladeger&auml;te! F&uuml;r weit &uuml;ber 100,000 Ger&auml;te haben wir die passenden Ersatzakkus und Batterien und liefern schnell und zuverl&auml;ssig innerhalb Europa.\",\"potentialAction\":[{\"@type\":\"SearchAction\",\"target\":{\"@type\":\"EntryPoint\",\"urlTemplate\":\"http:\/\/www.akku-plus.com\/akkublog\/?s={search_term_string}\"},\"query-input\":{\"@type\":\"PropertyValueSpecification\",\"valueRequired\":true,\"valueName\":\"search_term_string\"}}],\"inLanguage\":\"de\"},{\"@type\":\"Person\",\"@id\":\"http:\/\/www.akku-plus.com\/akkublog\/#\/schema\/person\/3241c1dbb5b808bd028b895f1257c196\",\"name\":\"bella2020\",\"image\":{\"@type\":\"ImageObject\",\"inLanguage\":\"de\",\"@id\":\"http:\/\/www.akku-plus.com\/akkublog\/#\/schema\/person\/image\/\",\"url\":\"https:\/\/secure.gravatar.com\/avatar\/133b95318ea74e3b9335c2c761297a2b?s=96&d=mm&r=g\",\"contentUrl\":\"https:\/\/secure.gravatar.com\/avatar\/133b95318ea74e3b9335c2c761297a2b?s=96&d=mm&r=g\",\"caption\":\"bella2020\"},\"sameAs\":[\"http:\/\/www.akku-plus.com\/akkublog\"],\"url\":\"https:\/\/www.akku-plus.com\/akkublog\/author\/bella2020\/\"}]}<\/script>\n<!-- \/ Yoast SEO plugin. -->","yoast_head_json":{"title":"Apples gro\u00dfer Produktausverkauf: 25 Ger\u00e4te verschwinden im Jahr 2025 aus dem Sortiment - Online-Shop:Akkus, Batterien und Ladeger\u00e4te","robots":{"index":"index","follow":"follow","max-snippet":"max-snippet:-1","max-image-preview":"max-image-preview:large","max-video-preview":"max-video-preview:-1"},"canonical":"https:\/\/www.akku-plus.com\/akkublog\/2026\/03\/11\/apples-grosser-produktausverkauf-25-geraete-verschwinden-im-jahr-2025-aus-dem-sortiment\/","og_locale":"de_DE","og_type":"article","og_title":"Apples gro\u00dfer Produktausverkauf: 25 Ger\u00e4te verschwinden im Jahr 2025 aus dem Sortiment - Online-Shop:Akkus, Batterien und Ladeger\u00e4te","og_description":"Ohne gro\u00dfes Aufsehen hat Apple im Laufe des Jahres 2025 den Verkauf von insgesamt 25 Produkten eingestellt. Wie aus Berichten hervorgeht, sind davon Ger\u00e4te nahezu aller Kategorien betroffen \u2013 von iPhones \u00fcber iPads und Macs bis hin zu Apple Watches und diversem Zubeh\u00f6r. Eine besonders symboltr\u00e4chtige Z\u00e4sur markierte das Aus des&nbsp;iPhone SE&nbsp;(3. Generation) im Februar [&hellip;]","og_url":"https:\/\/www.akku-plus.com\/akkublog\/2026\/03\/11\/apples-grosser-produktausverkauf-25-geraete-verschwinden-im-jahr-2025-aus-dem-sortiment\/","og_site_name":"Online-Shop:Akkus, Batterien und Ladeger\u00e4te","article_published_time":"2026-03-11T10:15:03+00:00","article_modified_time":"2026-03-11T10:15:05+00:00","author":"bella2020","twitter_card":"summary_large_image","twitter_misc":{"Verfasst von":"bella2020","Gesch\u00e4tzte Lesezeit":"2\u00a0Minuten"},"schema":{"@context":"https:\/\/schema.org","@graph":[{"@type":"WebPage","@id":"https:\/\/www.akku-plus.com\/akkublog\/2026\/03\/11\/apples-grosser-produktausverkauf-25-geraete-verschwinden-im-jahr-2025-aus-dem-sortiment\/","url":"https:\/\/www.akku-plus.com\/akkublog\/2026\/03\/11\/apples-grosser-produktausverkauf-25-geraete-verschwinden-im-jahr-2025-aus-dem-sortiment\/","name":"Apples gro\u00dfer Produktausverkauf: 25 Ger\u00e4te verschwinden im Jahr 2025 aus dem Sortiment - Online-Shop:Akkus, Batterien und Ladeger\u00e4te","isPartOf":{"@id":"http:\/\/www.akku-plus.com\/akkublog\/#website"},"datePublished":"2026-03-11T10:15:03+00:00","dateModified":"2026-03-11T10:15:05+00:00","author":{"@id":"http:\/\/www.akku-plus.com\/akkublog\/#\/schema\/person\/3241c1dbb5b808bd028b895f1257c196"},"breadcrumb":{"@id":"https:\/\/www.akku-plus.com\/akkublog\/2026\/03\/11\/apples-grosser-produktausverkauf-25-geraete-verschwinden-im-jahr-2025-aus-dem-sortiment\/#breadcrumb"},"inLanguage":"de","potentialAction":[{"@type":"ReadAction","target":["https:\/\/www.akku-plus.com\/akkublog\/2026\/03\/11\/apples-grosser-produktausverkauf-25-geraete-verschwinden-im-jahr-2025-aus-dem-sortiment\/"]}]},{"@type":"BreadcrumbList","@id":"https:\/\/www.akku-plus.com\/akkublog\/2026\/03\/11\/apples-grosser-produktausverkauf-25-geraete-verschwinden-im-jahr-2025-aus-dem-sortiment\/#breadcrumb","itemListElement":[{"@type":"ListItem","position":1,"name":"Startseite","item":"http:\/\/www.akku-plus.com\/akkublog\/"},{"@type":"ListItem","position":2,"name":"Apples gro\u00dfer Produktausverkauf: 25 Ger\u00e4te verschwinden im Jahr 2025 aus dem Sortiment"}]},{"@type":"WebSite","@id":"http:\/\/www.akku-plus.com\/akkublog\/#website","url":"http:\/\/www.akku-plus.com\/akkublog\/","name":"Online-Shop:Akkus, Batterien und Ladeger\u00e4te","description":"Akku-plus.com ist Ihr Profi f&uuml;r Akkus, Batterien und Ladeger&auml;te! F&uuml;r weit &uuml;ber 100,000 Ger&auml;te haben wir die passenden Ersatzakkus und Batterien und liefern schnell und zuverl&auml;ssig innerhalb Europa.","potentialAction":[{"@type":"SearchAction","target":{"@type":"EntryPoint","urlTemplate":"http:\/\/www.akku-plus.com\/akkublog\/?s={search_term_string}"},"query-input":{"@type":"PropertyValueSpecification","valueRequired":true,"valueName":"search_term_string"}}],"inLanguage":"de"},{"@type":"Person","@id":"http:\/\/www.akku-plus.com\/akkublog\/#\/schema\/person\/3241c1dbb5b808bd028b895f1257c196","name":"bella2020","image":{"@type":"ImageObject","inLanguage":"de","@id":"http:\/\/www.akku-plus.com\/akkublog\/#\/schema\/person\/image\/","url":"https:\/\/secure.gravatar.com\/avatar\/133b95318ea74e3b9335c2c761297a2b?s=96&d=mm&r=g","contentUrl":"https:\/\/secure.gravatar.com\/avatar\/133b95318ea74e3b9335c2c761297a2b?s=96&d=mm&r=g","caption":"bella2020"},"sameAs":["http:\/\/www.akku-plus.com\/akkublog"],"url":"https:\/\/www.akku-plus.com\/akkublog\/author\/bella2020\/"}]}},"_links":{"self":[{"href":"https:\/\/www.akku-plus.com\/akkublog\/wp-json\/wp\/v2\/posts\/1163"}],"collection":[{"href":"https:\/\/www.akku-plus.com\/akkublog\/wp-json\/wp\/v2\/posts"}],"about":[{"href":"https:\/\/www.akku-plus.com\/akkublog\/wp-json\/wp\/v2\/types\/post"}],"author":[{"embeddable":true,"href":"https:\/\/www.akku-plus.com\/akkublog\/wp-json\/wp\/v2\/users\/1"}],"replies":[{"embeddable":true,"href":"https:\/\/www.akku-plus.com\/akkublog\/wp-json\/wp\/v2\/comments?post=1163"}],"version-history":[{"count":1,"href":"https:\/\/www.akku-plus.com\/akkublog\/wp-json\/wp\/v2\/posts\/1163\/revisions"}],"predecessor-version":[{"id":1164,"href":"https:\/\/www.akku-plus.com\/akkublog\/wp-json\/wp\/v2\/posts\/1163\/revisions\/1164"}],"wp:attachment":[{"href":"https:\/\/www.akku-plus.com\/akkublog\/wp-json\/wp\/v2\/media?parent=1163"}],"wp:term":[{"taxonomy":"category","embeddable":true,"href":"https:\/\/www.akku-plus.com\/akkublog\/wp-json\/wp\/v2\/categories?post=1163"},{"taxonomy":"post_tag","embeddable":true,"href":"https:\/\/www.akku-plus.com\/akkublog\/wp-json\/wp\/v2\/tags?post=1163"}],"curies":[{"name":"wp","href":"https:\/\/api.w.org\/{rel}","templated":true}]}}