{"id":173,"date":"2022-06-24T07:39:31","date_gmt":"2022-06-24T07:39:31","guid":{"rendered":"http:\/\/www.akku-plus.com\/akkublog\/?p=173"},"modified":"2022-06-24T07:39:31","modified_gmt":"2022-06-24T07:39:31","slug":"connect-conference-2022-fixed-line-mobile-connectivity","status":"publish","type":"post","link":"https:\/\/www.akku-plus.com\/akkublog\/2022\/06\/24\/connect-conference-2022-fixed-line-mobile-connectivity\/","title":{"rendered":"connect conference 2022: Fixed-Line, Mobile &#038; Connectivity"},"content":{"rendered":"\n<p>Die connect conference 2022 hat zwei Tage lang hochkar\u00e4tige Speaker rund um die Themen Fixed-Line, Mobile &amp; Connectivity zu bieten. Wir fassen Tag 1 in Dresden zusammen.<\/p>\n\n\n\n<p>Die connect conference 2022 &#8211; in diesem Jahr findet die zweit\u00e4tige Veranstaltung wieder live vor Ort in Dresden statt. Dabei kommen hochkar\u00e4tige Referenten aus der Telekommunikationsbranche zusammen und richten sich in Vortr\u00e4gen und Diskussionsrunden an Experten und interessiertes Fachpublikum. Bereits zum achten Mal richtet die Fachzeitschrift connect das Event aus und bietet zwei Tage lang spannende Themen zu Trends und Kommunikationstechnologien der Zukunft.<\/p>\n\n\n\n<p>Am ersten Tag der connect conference 2022 drehte sich alles rund um das Thema Mobile. Dazu z\u00e4hlen Vortr\u00e4ge \u00fcber 5G, Open RAN, Campus Netzwerke, AI Security, Connectivity und vieles mehr.<\/p>\n\n\n\n<p>\u00dcber 20 hochkar\u00e4tige Speaker referierten an Tag 1 \u00fcber Chancen, Herausforderungen oder Pl\u00e4ne der jeweiligen Themen. Beispielsweise er\u00f6ffnete Jochen Bockfeld von o2 Telef\u00f3nica die Vortragsrunde mit der &#8222;Zukunft mobiler Konnektivit\u00e4t in Deutschland&#8220; und brachte in seiner Rede besonders hervor, dass Network Slicing in seiner Wichtigkeit zunehme und 5G nicht nur ein weiteres Generations-Netz sein sollte, sondern eine zuverl\u00e4ssige und sichere Vernetzung bieten m\u00fcsse.<\/p>\n\n\n\n<p>Dass die connect conference in Dresden eine internationale Veranstaltung ist, zeigte sich nicht nur durch die englischsprachige Vortragsreihe der Redner, sondern auch bei den hochkar\u00e4tigen Speakern. Beispielsweise reiste Jean-Paul Chaib von Meta f\u00fcr den ersten Tag der connect conference an und gab einen Einblick in das Metaverse, wie weit dieses bereits ist und welche Herausforderungen, aber auch Chancen f\u00fcr die Zukunft bestehen.<\/p>\n\n\n\n<p>Weitere Themen, die sich in den vielen Vortr\u00e4gen widerspiegelten, waren vor allem Nachhaltigkeit und Energieeffizienz von mobilen Netzen, die Vorteile von Open RAN und der Wandel von Telekommunikationsunternehmen hin zu einem umfassenden Service-Dienstleister f\u00fcr Business-Kunden und Verbraucher.<\/p>\n\n\n\n<p>Mit zahlreichen Experten, einem interessierten Publikum und spannenden Themen rund um das Thema Mobile feiert connect gemeinsam mit der Stadt Dresden einen erfolgreichen Auftakt der connect conference 2022. Namhafte und bekannte Unternehmen, bis hin zu Start-ups runden das Gesamtpaket der Veranstaltung ab. Exklusiver Partner der Konferenz ist o2 Telef\u00f3nica, weitere Partner sind Cocus, Deutsche Giganetz, eurofiber, funkschau, GigaBit, Huawei, ICT Channel, 5G Lab Germany, NEC, NGMN Alliance, NTT DATA, peaq, PC Magazin, Rohde &amp; Schwarz, Sachsen, Smarthouse Pro, Stadt Dresden, Sunrise, Swisscom, teradata, VANTAGE TOWERS, wandelbots und 6 Wind.<\/p>\n\n\n\n<p>An Tag zwei der connect conference, also am 22. Juni 2022, steht die Konferenz unter dem Motto &#8222;Fixed-Line&#8220;. Dazu geh\u00f6ren die Themen 10 GBits, Fixed Mobile Substitution, Tactile Internet, Cloudgaming und vieles mehr. An beiden Tagen k\u00f6nnen Interessierte Teilnehmer der Konferenz \u00fcbrigens auch den Huawei Truck auf dem Postplatz in Dresden besuchen. Mit einem interaktiven 5G-Erlebnis bietet das Unternehmen ebenfalls ein Highlight im Rahmen der connect conference an.<\/p>\n","protected":false},"excerpt":{"rendered":"<p>Die connect conference 2022 hat zwei Tage lang hochkar\u00e4tige Speaker rund um die Themen Fixed-Line, Mobile &amp; Connectivity zu bieten. Wir fassen Tag 1 in Dresden zusammen. Die connect conference 2022 &#8211; in diesem Jahr findet die zweit\u00e4tige Veranstaltung wieder live vor Ort in Dresden statt. Dabei kommen hochkar\u00e4tige Referenten aus der Telekommunikationsbranche zusammen und [&hellip;]<\/p>\n","protected":false},"author":1,"featured_media":0,"comment_status":"open","ping_status":"open","sticky":false,"template":"","format":"standard","meta":{"footnotes":""},"categories":[6],"tags":[],"class_list":["post-173","post","type-post","status-publish","format-standard","hentry","category-nachrichten"],"yoast_head":"<!-- This site is optimized with the Yoast SEO plugin v23.7 - https:\/\/yoast.com\/wordpress\/plugins\/seo\/ -->\n<title>connect conference 2022: Fixed-Line, Mobile &amp; Connectivity - Online-Shop:Akkus, Batterien und Ladeger\u00e4te<\/title>\n<meta name=\"robots\" content=\"index, follow, max-snippet:-1, max-image-preview:large, max-video-preview:-1\" \/>\n<link rel=\"canonical\" href=\"https:\/\/www.akku-plus.com\/akkublog\/2022\/06\/24\/connect-conference-2022-fixed-line-mobile-connectivity\/\" \/>\n<meta property=\"og:locale\" content=\"de_DE\" \/>\n<meta property=\"og:type\" content=\"article\" \/>\n<meta property=\"og:title\" content=\"connect conference 2022: Fixed-Line, Mobile &amp; Connectivity - Online-Shop:Akkus, Batterien und Ladeger\u00e4te\" \/>\n<meta property=\"og:description\" content=\"Die connect conference 2022 hat zwei Tage lang hochkar\u00e4tige Speaker rund um die Themen Fixed-Line, Mobile &amp; Connectivity zu bieten. Wir fassen Tag 1 in Dresden zusammen. Die connect conference 2022 &#8211; in diesem Jahr findet die zweit\u00e4tige Veranstaltung wieder live vor Ort in Dresden statt. Dabei kommen hochkar\u00e4tige Referenten aus der Telekommunikationsbranche zusammen und [&hellip;]\" \/>\n<meta property=\"og:url\" content=\"https:\/\/www.akku-plus.com\/akkublog\/2022\/06\/24\/connect-conference-2022-fixed-line-mobile-connectivity\/\" \/>\n<meta property=\"og:site_name\" content=\"Online-Shop:Akkus, Batterien und Ladeger\u00e4te\" \/>\n<meta property=\"article:published_time\" content=\"2022-06-24T07:39:31+00:00\" \/>\n<meta name=\"author\" content=\"bella2020\" \/>\n<meta name=\"twitter:card\" content=\"summary_large_image\" \/>\n<meta name=\"twitter:label1\" content=\"Verfasst von\" \/>\n\t<meta name=\"twitter:data1\" content=\"bella2020\" \/>\n\t<meta name=\"twitter:label2\" content=\"Gesch\u00e4tzte Lesezeit\" \/>\n\t<meta name=\"twitter:data2\" content=\"2\u00a0Minuten\" \/>\n<script type=\"application\/ld+json\" class=\"yoast-schema-graph\">{\"@context\":\"https:\/\/schema.org\",\"@graph\":[{\"@type\":\"WebPage\",\"@id\":\"https:\/\/www.akku-plus.com\/akkublog\/2022\/06\/24\/connect-conference-2022-fixed-line-mobile-connectivity\/\",\"url\":\"https:\/\/www.akku-plus.com\/akkublog\/2022\/06\/24\/connect-conference-2022-fixed-line-mobile-connectivity\/\",\"name\":\"connect conference 2022: Fixed-Line, Mobile & Connectivity - Online-Shop:Akkus, Batterien und Ladeger\u00e4te\",\"isPartOf\":{\"@id\":\"http:\/\/www.akku-plus.com\/akkublog\/#website\"},\"datePublished\":\"2022-06-24T07:39:31+00:00\",\"dateModified\":\"2022-06-24T07:39:31+00:00\",\"author\":{\"@id\":\"http:\/\/www.akku-plus.com\/akkublog\/#\/schema\/person\/3241c1dbb5b808bd028b895f1257c196\"},\"breadcrumb\":{\"@id\":\"https:\/\/www.akku-plus.com\/akkublog\/2022\/06\/24\/connect-conference-2022-fixed-line-mobile-connectivity\/#breadcrumb\"},\"inLanguage\":\"de\",\"potentialAction\":[{\"@type\":\"ReadAction\",\"target\":[\"https:\/\/www.akku-plus.com\/akkublog\/2022\/06\/24\/connect-conference-2022-fixed-line-mobile-connectivity\/\"]}]},{\"@type\":\"BreadcrumbList\",\"@id\":\"https:\/\/www.akku-plus.com\/akkublog\/2022\/06\/24\/connect-conference-2022-fixed-line-mobile-connectivity\/#breadcrumb\",\"itemListElement\":[{\"@type\":\"ListItem\",\"position\":1,\"name\":\"Startseite\",\"item\":\"http:\/\/www.akku-plus.com\/akkublog\/\"},{\"@type\":\"ListItem\",\"position\":2,\"name\":\"connect conference 2022: Fixed-Line, Mobile &#038; Connectivity\"}]},{\"@type\":\"WebSite\",\"@id\":\"http:\/\/www.akku-plus.com\/akkublog\/#website\",\"url\":\"http:\/\/www.akku-plus.com\/akkublog\/\",\"name\":\"Online-Shop:Akkus, Batterien und Ladeger\u00e4te\",\"description\":\"Akku-plus.com ist Ihr Profi f&uuml;r Akkus, Batterien und Ladeger&auml;te! F&uuml;r weit &uuml;ber 100,000 Ger&auml;te haben wir die passenden Ersatzakkus und Batterien und liefern schnell und zuverl&auml;ssig innerhalb Europa.\",\"potentialAction\":[{\"@type\":\"SearchAction\",\"target\":{\"@type\":\"EntryPoint\",\"urlTemplate\":\"http:\/\/www.akku-plus.com\/akkublog\/?s={search_term_string}\"},\"query-input\":{\"@type\":\"PropertyValueSpecification\",\"valueRequired\":true,\"valueName\":\"search_term_string\"}}],\"inLanguage\":\"de\"},{\"@type\":\"Person\",\"@id\":\"http:\/\/www.akku-plus.com\/akkublog\/#\/schema\/person\/3241c1dbb5b808bd028b895f1257c196\",\"name\":\"bella2020\",\"image\":{\"@type\":\"ImageObject\",\"inLanguage\":\"de\",\"@id\":\"http:\/\/www.akku-plus.com\/akkublog\/#\/schema\/person\/image\/\",\"url\":\"https:\/\/secure.gravatar.com\/avatar\/133b95318ea74e3b9335c2c761297a2b?s=96&d=mm&r=g\",\"contentUrl\":\"https:\/\/secure.gravatar.com\/avatar\/133b95318ea74e3b9335c2c761297a2b?s=96&d=mm&r=g\",\"caption\":\"bella2020\"},\"sameAs\":[\"http:\/\/www.akku-plus.com\/akkublog\"],\"url\":\"https:\/\/www.akku-plus.com\/akkublog\/author\/bella2020\/\"}]}<\/script>\n<!-- \/ Yoast SEO plugin. -->","yoast_head_json":{"title":"connect conference 2022: Fixed-Line, Mobile & Connectivity - Online-Shop:Akkus, Batterien und Ladeger\u00e4te","robots":{"index":"index","follow":"follow","max-snippet":"max-snippet:-1","max-image-preview":"max-image-preview:large","max-video-preview":"max-video-preview:-1"},"canonical":"https:\/\/www.akku-plus.com\/akkublog\/2022\/06\/24\/connect-conference-2022-fixed-line-mobile-connectivity\/","og_locale":"de_DE","og_type":"article","og_title":"connect conference 2022: Fixed-Line, Mobile & Connectivity - Online-Shop:Akkus, Batterien und Ladeger\u00e4te","og_description":"Die connect conference 2022 hat zwei Tage lang hochkar\u00e4tige Speaker rund um die Themen Fixed-Line, Mobile &amp; Connectivity zu bieten. Wir fassen Tag 1 in Dresden zusammen. Die connect conference 2022 &#8211; in diesem Jahr findet die zweit\u00e4tige Veranstaltung wieder live vor Ort in Dresden statt. Dabei kommen hochkar\u00e4tige Referenten aus der Telekommunikationsbranche zusammen und [&hellip;]","og_url":"https:\/\/www.akku-plus.com\/akkublog\/2022\/06\/24\/connect-conference-2022-fixed-line-mobile-connectivity\/","og_site_name":"Online-Shop:Akkus, Batterien und Ladeger\u00e4te","article_published_time":"2022-06-24T07:39:31+00:00","author":"bella2020","twitter_card":"summary_large_image","twitter_misc":{"Verfasst von":"bella2020","Gesch\u00e4tzte Lesezeit":"2\u00a0Minuten"},"schema":{"@context":"https:\/\/schema.org","@graph":[{"@type":"WebPage","@id":"https:\/\/www.akku-plus.com\/akkublog\/2022\/06\/24\/connect-conference-2022-fixed-line-mobile-connectivity\/","url":"https:\/\/www.akku-plus.com\/akkublog\/2022\/06\/24\/connect-conference-2022-fixed-line-mobile-connectivity\/","name":"connect conference 2022: Fixed-Line, Mobile & Connectivity - Online-Shop:Akkus, Batterien und Ladeger\u00e4te","isPartOf":{"@id":"http:\/\/www.akku-plus.com\/akkublog\/#website"},"datePublished":"2022-06-24T07:39:31+00:00","dateModified":"2022-06-24T07:39:31+00:00","author":{"@id":"http:\/\/www.akku-plus.com\/akkublog\/#\/schema\/person\/3241c1dbb5b808bd028b895f1257c196"},"breadcrumb":{"@id":"https:\/\/www.akku-plus.com\/akkublog\/2022\/06\/24\/connect-conference-2022-fixed-line-mobile-connectivity\/#breadcrumb"},"inLanguage":"de","potentialAction":[{"@type":"ReadAction","target":["https:\/\/www.akku-plus.com\/akkublog\/2022\/06\/24\/connect-conference-2022-fixed-line-mobile-connectivity\/"]}]},{"@type":"BreadcrumbList","@id":"https:\/\/www.akku-plus.com\/akkublog\/2022\/06\/24\/connect-conference-2022-fixed-line-mobile-connectivity\/#breadcrumb","itemListElement":[{"@type":"ListItem","position":1,"name":"Startseite","item":"http:\/\/www.akku-plus.com\/akkublog\/"},{"@type":"ListItem","position":2,"name":"connect conference 2022: Fixed-Line, Mobile &#038; Connectivity"}]},{"@type":"WebSite","@id":"http:\/\/www.akku-plus.com\/akkublog\/#website","url":"http:\/\/www.akku-plus.com\/akkublog\/","name":"Online-Shop:Akkus, Batterien und Ladeger\u00e4te","description":"Akku-plus.com ist Ihr Profi f&uuml;r Akkus, Batterien und Ladeger&auml;te! F&uuml;r weit &uuml;ber 100,000 Ger&auml;te haben wir die passenden Ersatzakkus und Batterien und liefern schnell und zuverl&auml;ssig innerhalb Europa.","potentialAction":[{"@type":"SearchAction","target":{"@type":"EntryPoint","urlTemplate":"http:\/\/www.akku-plus.com\/akkublog\/?s={search_term_string}"},"query-input":{"@type":"PropertyValueSpecification","valueRequired":true,"valueName":"search_term_string"}}],"inLanguage":"de"},{"@type":"Person","@id":"http:\/\/www.akku-plus.com\/akkublog\/#\/schema\/person\/3241c1dbb5b808bd028b895f1257c196","name":"bella2020","image":{"@type":"ImageObject","inLanguage":"de","@id":"http:\/\/www.akku-plus.com\/akkublog\/#\/schema\/person\/image\/","url":"https:\/\/secure.gravatar.com\/avatar\/133b95318ea74e3b9335c2c761297a2b?s=96&d=mm&r=g","contentUrl":"https:\/\/secure.gravatar.com\/avatar\/133b95318ea74e3b9335c2c761297a2b?s=96&d=mm&r=g","caption":"bella2020"},"sameAs":["http:\/\/www.akku-plus.com\/akkublog"],"url":"https:\/\/www.akku-plus.com\/akkublog\/author\/bella2020\/"}]}},"_links":{"self":[{"href":"https:\/\/www.akku-plus.com\/akkublog\/wp-json\/wp\/v2\/posts\/173"}],"collection":[{"href":"https:\/\/www.akku-plus.com\/akkublog\/wp-json\/wp\/v2\/posts"}],"about":[{"href":"https:\/\/www.akku-plus.com\/akkublog\/wp-json\/wp\/v2\/types\/post"}],"author":[{"embeddable":true,"href":"https:\/\/www.akku-plus.com\/akkublog\/wp-json\/wp\/v2\/users\/1"}],"replies":[{"embeddable":true,"href":"https:\/\/www.akku-plus.com\/akkublog\/wp-json\/wp\/v2\/comments?post=173"}],"version-history":[{"count":1,"href":"https:\/\/www.akku-plus.com\/akkublog\/wp-json\/wp\/v2\/posts\/173\/revisions"}],"predecessor-version":[{"id":174,"href":"https:\/\/www.akku-plus.com\/akkublog\/wp-json\/wp\/v2\/posts\/173\/revisions\/174"}],"wp:attachment":[{"href":"https:\/\/www.akku-plus.com\/akkublog\/wp-json\/wp\/v2\/media?parent=173"}],"wp:term":[{"taxonomy":"category","embeddable":true,"href":"https:\/\/www.akku-plus.com\/akkublog\/wp-json\/wp\/v2\/categories?post=173"},{"taxonomy":"post_tag","embeddable":true,"href":"https:\/\/www.akku-plus.com\/akkublog\/wp-json\/wp\/v2\/tags?post=173"}],"curies":[{"name":"wp","href":"https:\/\/api.w.org\/{rel}","templated":true}]}}