{"id":192,"date":"2022-07-05T05:49:58","date_gmt":"2022-07-05T05:49:58","guid":{"rendered":"http:\/\/www.akku-plus.com\/akkublog\/?p=192"},"modified":"2022-07-05T05:49:58","modified_gmt":"2022-07-05T05:49:58","slug":"was-apple-in-den-naechsten-12-monaten-plant","status":"publish","type":"post","link":"https:\/\/www.akku-plus.com\/akkublog\/2022\/07\/05\/was-apple-in-den-naechsten-12-monaten-plant\/","title":{"rendered":"Was Apple in den N\u00e4chsten 12 Monaten Plant"},"content":{"rendered":"\n<p>F\u00fcr Liebhaber von Apple-Produkten beginnt schon bald die spannendste Zeit im Jahr: Apple bereitet seine Produktpalette f\u00fcr Ende 2022\/Anfang 2023 vor. Einen Einblick, was uns erwarten k\u00f6nnte, gibt unter anderem Mark Gurman von Bloomberg, der alle aktuellen Apple-Spekulationen in einem k\u00fcrzlich erschienenen Beitrag zusammengefasst hat. Demnach umfassen die kommenden Produkte voraussichtlich:<br>&gt; Macs, darunter M2- und M3-Modelle, einschlie\u00dflich einer M2 Pro-, Max-, Ultra- und Extreme-Konfiguration;<br>&gt; vier iPhone-14-Ger\u00e4te &#8211; zwei davon mit A16-Chip und Always-on-Display;<br>&gt; iPad-Updates, darunter M2 iPad Pro Modelle und ein A14 Einsteigermodell;<br>&gt; drei Apple-Watch-Modelle, darunter ein SE und eine robuste Version;<br>&gt; das Mixed-Reality-Headset, ausgestattet mit einem Apple-Chip &#8211; wahrscheinlich einem stromsparenden, leistungsstarken M2-Prozessor;<br>&gt; ein Upgrade des Apple TV, mit zus\u00e4tzlichen Spielfunktionen und einem besseren Prozessor;<br>&gt; einen HomePod, der m\u00f6glicherweise ein Display enth\u00e4lt;<br>&gt; und ein Upgrade der AirPods Pro mit Herzfrequenzmesser.<\/p>\n\n\n\n<p><strong>Neue Gesch\u00e4ftsm\u00f6glichkeiten im Visier<\/strong><br>Mit gr\u00f6\u00dfter Spannung wird dabei sicherlich das Mixed-Reality-Headset als v\u00f6llig neues Apple-Produkt erwartet. Dieses neue Gesch\u00e4ftsfeld steht nun kurz vor dem Durchbruch und wird Unternehmen die M\u00f6glichkeit bieten, Kunden- und interne Kooperationsbeziehungen aufzubauen, Gesch\u00e4ftsprozesse zu digitalisieren und neue Marktchancen zu erkunden bzw. zu erschlie\u00dfen.<\/p>\n\n\n\n<p>\u00c4hnlich wie bereits beim iPhone geschehen, darf man davon ausgehen, dass bereits in diesem Bereich t\u00e4tige Unternehmen ihr eigenes Produktdesign und ihre Entwicklungspl\u00e4ne auf das m\u00f6gliche Design von Apple ausrichten werden. Sony, Microsoft, Valve, HTC und Meta werden allesamt die Entwicklung beobachten. Au\u00dferdem kann man davon ausgehen, dass zumindest einige Konkurrenten \u00fcber das Metaverse Standards Forum und dessen Vorgaben ein paar scharfe Worte verlieren werden. Unter dem Strich wird der Launch von Apples MR-Brille zu einem schnellen Wachstum der bestehenden AR\/VR-Industrie f\u00fchren, wovon auch die Entwickler von Inhalten und Dienstleistungen direkt profitieren werden.<\/p>\n\n\n\n<p><strong>Die Silizium-Roadmap von Apple verdichtet sich<\/strong><br>Zweiter wichtiger Aspekt ist, dass Apple sich noch st\u00e4rker auf seine eigenen Apple-Siliziumchips konzentriert. Dies ist zwar nichts Neues, aber jedes Unternehmen, das mit der Einf\u00fchrung von Choose your own Device oder dem (st\u00e4rkeren) Support von iPads\/Macs lieb\u00e4ugelt, kann jetzt eine klare Roadmap f\u00fcr die Produktentwicklung der n\u00e4chsten Jahre einsehen.<\/p>\n\n\n\n<p>Auch sonst gibt es kaum noch hinreichende Gr\u00fcnde, die Unternehmen abhalten, mehr Apple-Produkte einzusetzen: Der Hersteller hat sein Commitment f\u00fcr regelm\u00e4\u00dfige Sicherheits- und Software-Updates unter Beweis gestellt, gleichzeitig w\u00e4chst der Markt f\u00fcr unterst\u00fctzende Produkte und Services im Business-Umfeld weiter.<\/p>\n\n\n\n<p>Die Endbenutzer wiederum erwarten schnelle, immer leistungsst\u00e4rkere Computer mit unglaublich geringem Stromverbrauch, die alle \u00fcber On-Chip-Funktionen (wie wahrscheinlich UWB und\/oder maschinelles Lernen) verf\u00fcgen, die noch nicht wirklich ausgereizt wurden. In Hinblick auf Apples Engagement f\u00fcr kontinuierliche Software-Upgrades bedeutet dies, dass heute oder im kommenden Jahr gekaufte Macs oder iPads im \u00fcbern\u00e4chsten Jahr noch besser werden.<\/p>\n\n\n\n<p><strong>Gesundheit, Fitness &#8211; und Brillenrezepte?<\/strong><br>Einem aktuellen Bericht zufolge, haben die neuen AirPods Pro Mikrofone in das Geh\u00e4use integriert, um als H\u00f6rger\u00e4t verwendet werden zu k\u00f6nnen. Au\u00dferdem sollen sie \u00fcber Bewegungssensoren, eine integrierte Fitness-Tracking-Funktion, Temperaturerkennung und einen Herzfrequenzsensor verf\u00fcgen. Dies alles deutet darauf hin, dass Apple seine Systeme zur Erfassung von Gesundheitsdaten auf seine pers\u00f6nlichen Produkte ausweitet und erweitert damit seine Reichweite im Bereich Augmented Health.<\/p>\n\n\n\n<p>Mit Spannung bleibt au\u00dferdem abzuwarten, was wirklich hinter Apples Ank\u00fcndigung auf der WWDC steckt, ab iOS 16 Brillenrezepte in HealthKit zu speichern. Sicher sind solche Verordnungen einfach zu verwenden. Aber angesichts der bevorstehenden Einf\u00fchrung von AR-Brillen und der Tatsache, dass solche Daten jetzt f\u00fcr Entwickler \u00fcber die &#8222;requestPerObjectRead&#8220;-Autorisierung verf\u00fcgbar sind, k\u00f6nnte es einen tieferen Grund daf\u00fcr geben. Immerhin sind 75 Prozent der Erwachsenen in den USA auf eine Brille mit Sehst\u00e4rke angewiesen. Mixed Reality hat keinen gro\u00dfen Wert, wenn man nur das Overlay sehen kann.<\/p>\n\n\n\n<p><strong>Blaupausen f\u00fcr mehr Nachhaltigkeit<\/strong><br>Es ist ein offenes Geheimnis, dass Apple weiterhin daran arbeiten muss, seine Nachhaltigkeitsziele f\u00fcr 2030 zu erreichen. Der Schwerpunkt liegt dabei auf der Fertigung, wo von Natur aus Ressourcen, Rohstoffe, Wasser, Treibstoff und vieles mehr verschwendet werden. Umso wichtiger ist es, die Fertigungsprozesse zu optimieren und Nachhaltigkeit und Recycling von Anfang an bei neuen Hardware-Designs zu ber\u00fccksichtigen. Der Ansatz von Apple, nachhaltige Gesch\u00e4ftspraktiken im eigenen Unternehmen und in den Partnerbetrieben zu integrieren, k\u00f6nnte dabei anderen Unternehmen aufzeigen, was m\u00f6glich ist.<\/p>\n\n\n\n<p>Hinweise bez\u00fcglich Prozessinnovationen, die Verwendung recycelter Materialien und mehr liefern dazu die gr\u00fcnen Folien, die Apple bei seinen bevorstehenden Produktpr\u00e4sentationen vorlegt. Sie sollten gr\u00fcndlich studiert werden, schlie\u00dflich l\u00e4sst sich in jedem Unternehmen durch effizientere, weniger verschwenderische Herstellungs- und Vertriebspraktiken eine Menge Geld freisetzen, das sonst verschwendet w\u00fcrde.<\/p>\n","protected":false},"excerpt":{"rendered":"<p>F\u00fcr Liebhaber von Apple-Produkten beginnt schon bald die spannendste Zeit im Jahr: Apple bereitet seine Produktpalette f\u00fcr Ende 2022\/Anfang 2023 vor. Einen Einblick, was uns erwarten k\u00f6nnte, gibt unter anderem Mark Gurman von Bloomberg, der alle aktuellen Apple-Spekulationen in einem k\u00fcrzlich erschienenen Beitrag zusammengefasst hat. Demnach umfassen die kommenden Produkte voraussichtlich:&gt; Macs, darunter M2- und [&hellip;]<\/p>\n","protected":false},"author":1,"featured_media":0,"comment_status":"open","ping_status":"open","sticky":false,"template":"","format":"standard","meta":{"footnotes":""},"categories":[6],"tags":[],"class_list":["post-192","post","type-post","status-publish","format-standard","hentry","category-nachrichten"],"yoast_head":"<!-- This site is optimized with the Yoast SEO plugin v23.7 - https:\/\/yoast.com\/wordpress\/plugins\/seo\/ -->\n<title>Was Apple in den N\u00e4chsten 12 Monaten Plant - Online-Shop:Akkus, Batterien und Ladeger\u00e4te<\/title>\n<meta name=\"robots\" content=\"index, follow, max-snippet:-1, max-image-preview:large, max-video-preview:-1\" \/>\n<link rel=\"canonical\" href=\"https:\/\/www.akku-plus.com\/akkublog\/2022\/07\/05\/was-apple-in-den-naechsten-12-monaten-plant\/\" \/>\n<meta property=\"og:locale\" content=\"de_DE\" \/>\n<meta property=\"og:type\" content=\"article\" \/>\n<meta property=\"og:title\" content=\"Was Apple in den N\u00e4chsten 12 Monaten Plant - Online-Shop:Akkus, Batterien und Ladeger\u00e4te\" \/>\n<meta property=\"og:description\" content=\"F\u00fcr Liebhaber von Apple-Produkten beginnt schon bald die spannendste Zeit im Jahr: Apple bereitet seine Produktpalette f\u00fcr Ende 2022\/Anfang 2023 vor. Einen Einblick, was uns erwarten k\u00f6nnte, gibt unter anderem Mark Gurman von Bloomberg, der alle aktuellen Apple-Spekulationen in einem k\u00fcrzlich erschienenen Beitrag zusammengefasst hat. Demnach umfassen die kommenden Produkte voraussichtlich:&gt; Macs, darunter M2- und [&hellip;]\" \/>\n<meta property=\"og:url\" content=\"https:\/\/www.akku-plus.com\/akkublog\/2022\/07\/05\/was-apple-in-den-naechsten-12-monaten-plant\/\" \/>\n<meta property=\"og:site_name\" content=\"Online-Shop:Akkus, Batterien und Ladeger\u00e4te\" \/>\n<meta property=\"article:published_time\" content=\"2022-07-05T05:49:58+00:00\" \/>\n<meta name=\"author\" content=\"bella2020\" \/>\n<meta name=\"twitter:card\" content=\"summary_large_image\" \/>\n<meta name=\"twitter:label1\" content=\"Verfasst von\" \/>\n\t<meta name=\"twitter:data1\" content=\"bella2020\" \/>\n\t<meta name=\"twitter:label2\" content=\"Gesch\u00e4tzte Lesezeit\" \/>\n\t<meta name=\"twitter:data2\" content=\"4\u00a0Minuten\" \/>\n<script type=\"application\/ld+json\" class=\"yoast-schema-graph\">{\"@context\":\"https:\/\/schema.org\",\"@graph\":[{\"@type\":\"WebPage\",\"@id\":\"https:\/\/www.akku-plus.com\/akkublog\/2022\/07\/05\/was-apple-in-den-naechsten-12-monaten-plant\/\",\"url\":\"https:\/\/www.akku-plus.com\/akkublog\/2022\/07\/05\/was-apple-in-den-naechsten-12-monaten-plant\/\",\"name\":\"Was Apple in den N\u00e4chsten 12 Monaten Plant - Online-Shop:Akkus, Batterien und Ladeger\u00e4te\",\"isPartOf\":{\"@id\":\"https:\/\/www.akku-plus.com\/akkublog\/#website\"},\"datePublished\":\"2022-07-05T05:49:58+00:00\",\"dateModified\":\"2022-07-05T05:49:58+00:00\",\"author\":{\"@id\":\"https:\/\/www.akku-plus.com\/akkublog\/#\/schema\/person\/3241c1dbb5b808bd028b895f1257c196\"},\"breadcrumb\":{\"@id\":\"https:\/\/www.akku-plus.com\/akkublog\/2022\/07\/05\/was-apple-in-den-naechsten-12-monaten-plant\/#breadcrumb\"},\"inLanguage\":\"de\",\"potentialAction\":[{\"@type\":\"ReadAction\",\"target\":[\"https:\/\/www.akku-plus.com\/akkublog\/2022\/07\/05\/was-apple-in-den-naechsten-12-monaten-plant\/\"]}]},{\"@type\":\"BreadcrumbList\",\"@id\":\"https:\/\/www.akku-plus.com\/akkublog\/2022\/07\/05\/was-apple-in-den-naechsten-12-monaten-plant\/#breadcrumb\",\"itemListElement\":[{\"@type\":\"ListItem\",\"position\":1,\"name\":\"Startseite\",\"item\":\"https:\/\/www.akku-plus.com\/akkublog\/\"},{\"@type\":\"ListItem\",\"position\":2,\"name\":\"Was Apple in den N\u00e4chsten 12 Monaten Plant\"}]},{\"@type\":\"WebSite\",\"@id\":\"https:\/\/www.akku-plus.com\/akkublog\/#website\",\"url\":\"https:\/\/www.akku-plus.com\/akkublog\/\",\"name\":\"Online-Shop:Akkus, Batterien und Ladeger\u00e4te\",\"description\":\"Akku-plus.com ist Ihr Profi f&uuml;r Akkus, Batterien und Ladeger&auml;te! F&uuml;r weit &uuml;ber 100,000 Ger&auml;te haben wir die passenden Ersatzakkus und Batterien und liefern schnell und zuverl&auml;ssig innerhalb Europa.\",\"potentialAction\":[{\"@type\":\"SearchAction\",\"target\":{\"@type\":\"EntryPoint\",\"urlTemplate\":\"https:\/\/www.akku-plus.com\/akkublog\/?s={search_term_string}\"},\"query-input\":{\"@type\":\"PropertyValueSpecification\",\"valueRequired\":true,\"valueName\":\"search_term_string\"}}],\"inLanguage\":\"de\"},{\"@type\":\"Person\",\"@id\":\"https:\/\/www.akku-plus.com\/akkublog\/#\/schema\/person\/3241c1dbb5b808bd028b895f1257c196\",\"name\":\"bella2020\",\"image\":{\"@type\":\"ImageObject\",\"inLanguage\":\"de\",\"@id\":\"https:\/\/www.akku-plus.com\/akkublog\/#\/schema\/person\/image\/\",\"url\":\"https:\/\/secure.gravatar.com\/avatar\/133b95318ea74e3b9335c2c761297a2b?s=96&d=mm&r=g\",\"contentUrl\":\"https:\/\/secure.gravatar.com\/avatar\/133b95318ea74e3b9335c2c761297a2b?s=96&d=mm&r=g\",\"caption\":\"bella2020\"},\"sameAs\":[\"http:\/\/www.akku-plus.com\/akkublog\"],\"url\":\"https:\/\/www.akku-plus.com\/akkublog\/author\/bella2020\/\"}]}<\/script>\n<!-- \/ Yoast SEO plugin. -->","yoast_head_json":{"title":"Was Apple in den N\u00e4chsten 12 Monaten Plant - Online-Shop:Akkus, Batterien und Ladeger\u00e4te","robots":{"index":"index","follow":"follow","max-snippet":"max-snippet:-1","max-image-preview":"max-image-preview:large","max-video-preview":"max-video-preview:-1"},"canonical":"https:\/\/www.akku-plus.com\/akkublog\/2022\/07\/05\/was-apple-in-den-naechsten-12-monaten-plant\/","og_locale":"de_DE","og_type":"article","og_title":"Was Apple in den N\u00e4chsten 12 Monaten Plant - Online-Shop:Akkus, Batterien und Ladeger\u00e4te","og_description":"F\u00fcr Liebhaber von Apple-Produkten beginnt schon bald die spannendste Zeit im Jahr: Apple bereitet seine Produktpalette f\u00fcr Ende 2022\/Anfang 2023 vor. Einen Einblick, was uns erwarten k\u00f6nnte, gibt unter anderem Mark Gurman von Bloomberg, der alle aktuellen Apple-Spekulationen in einem k\u00fcrzlich erschienenen Beitrag zusammengefasst hat. Demnach umfassen die kommenden Produkte voraussichtlich:&gt; Macs, darunter M2- und [&hellip;]","og_url":"https:\/\/www.akku-plus.com\/akkublog\/2022\/07\/05\/was-apple-in-den-naechsten-12-monaten-plant\/","og_site_name":"Online-Shop:Akkus, Batterien und Ladeger\u00e4te","article_published_time":"2022-07-05T05:49:58+00:00","author":"bella2020","twitter_card":"summary_large_image","twitter_misc":{"Verfasst von":"bella2020","Gesch\u00e4tzte Lesezeit":"4\u00a0Minuten"},"schema":{"@context":"https:\/\/schema.org","@graph":[{"@type":"WebPage","@id":"https:\/\/www.akku-plus.com\/akkublog\/2022\/07\/05\/was-apple-in-den-naechsten-12-monaten-plant\/","url":"https:\/\/www.akku-plus.com\/akkublog\/2022\/07\/05\/was-apple-in-den-naechsten-12-monaten-plant\/","name":"Was Apple in den N\u00e4chsten 12 Monaten Plant - Online-Shop:Akkus, Batterien und Ladeger\u00e4te","isPartOf":{"@id":"https:\/\/www.akku-plus.com\/akkublog\/#website"},"datePublished":"2022-07-05T05:49:58+00:00","dateModified":"2022-07-05T05:49:58+00:00","author":{"@id":"https:\/\/www.akku-plus.com\/akkublog\/#\/schema\/person\/3241c1dbb5b808bd028b895f1257c196"},"breadcrumb":{"@id":"https:\/\/www.akku-plus.com\/akkublog\/2022\/07\/05\/was-apple-in-den-naechsten-12-monaten-plant\/#breadcrumb"},"inLanguage":"de","potentialAction":[{"@type":"ReadAction","target":["https:\/\/www.akku-plus.com\/akkublog\/2022\/07\/05\/was-apple-in-den-naechsten-12-monaten-plant\/"]}]},{"@type":"BreadcrumbList","@id":"https:\/\/www.akku-plus.com\/akkublog\/2022\/07\/05\/was-apple-in-den-naechsten-12-monaten-plant\/#breadcrumb","itemListElement":[{"@type":"ListItem","position":1,"name":"Startseite","item":"https:\/\/www.akku-plus.com\/akkublog\/"},{"@type":"ListItem","position":2,"name":"Was Apple in den N\u00e4chsten 12 Monaten Plant"}]},{"@type":"WebSite","@id":"https:\/\/www.akku-plus.com\/akkublog\/#website","url":"https:\/\/www.akku-plus.com\/akkublog\/","name":"Online-Shop:Akkus, Batterien und Ladeger\u00e4te","description":"Akku-plus.com ist Ihr Profi f&uuml;r Akkus, Batterien und Ladeger&auml;te! F&uuml;r weit &uuml;ber 100,000 Ger&auml;te haben wir die passenden Ersatzakkus und Batterien und liefern schnell und zuverl&auml;ssig innerhalb Europa.","potentialAction":[{"@type":"SearchAction","target":{"@type":"EntryPoint","urlTemplate":"https:\/\/www.akku-plus.com\/akkublog\/?s={search_term_string}"},"query-input":{"@type":"PropertyValueSpecification","valueRequired":true,"valueName":"search_term_string"}}],"inLanguage":"de"},{"@type":"Person","@id":"https:\/\/www.akku-plus.com\/akkublog\/#\/schema\/person\/3241c1dbb5b808bd028b895f1257c196","name":"bella2020","image":{"@type":"ImageObject","inLanguage":"de","@id":"https:\/\/www.akku-plus.com\/akkublog\/#\/schema\/person\/image\/","url":"https:\/\/secure.gravatar.com\/avatar\/133b95318ea74e3b9335c2c761297a2b?s=96&d=mm&r=g","contentUrl":"https:\/\/secure.gravatar.com\/avatar\/133b95318ea74e3b9335c2c761297a2b?s=96&d=mm&r=g","caption":"bella2020"},"sameAs":["http:\/\/www.akku-plus.com\/akkublog"],"url":"https:\/\/www.akku-plus.com\/akkublog\/author\/bella2020\/"}]}},"_links":{"self":[{"href":"https:\/\/www.akku-plus.com\/akkublog\/wp-json\/wp\/v2\/posts\/192"}],"collection":[{"href":"https:\/\/www.akku-plus.com\/akkublog\/wp-json\/wp\/v2\/posts"}],"about":[{"href":"https:\/\/www.akku-plus.com\/akkublog\/wp-json\/wp\/v2\/types\/post"}],"author":[{"embeddable":true,"href":"https:\/\/www.akku-plus.com\/akkublog\/wp-json\/wp\/v2\/users\/1"}],"replies":[{"embeddable":true,"href":"https:\/\/www.akku-plus.com\/akkublog\/wp-json\/wp\/v2\/comments?post=192"}],"version-history":[{"count":1,"href":"https:\/\/www.akku-plus.com\/akkublog\/wp-json\/wp\/v2\/posts\/192\/revisions"}],"predecessor-version":[{"id":193,"href":"https:\/\/www.akku-plus.com\/akkublog\/wp-json\/wp\/v2\/posts\/192\/revisions\/193"}],"wp:attachment":[{"href":"https:\/\/www.akku-plus.com\/akkublog\/wp-json\/wp\/v2\/media?parent=192"}],"wp:term":[{"taxonomy":"category","embeddable":true,"href":"https:\/\/www.akku-plus.com\/akkublog\/wp-json\/wp\/v2\/categories?post=192"},{"taxonomy":"post_tag","embeddable":true,"href":"https:\/\/www.akku-plus.com\/akkublog\/wp-json\/wp\/v2\/tags?post=192"}],"curies":[{"name":"wp","href":"https:\/\/api.w.org\/{rel}","templated":true}]}}