{"id":236,"date":"2022-09-22T10:55:39","date_gmt":"2022-09-22T10:55:39","guid":{"rendered":"http:\/\/www.akku-plus.com\/akkublog\/?p=236"},"modified":"2022-09-22T10:55:39","modified_gmt":"2022-09-22T10:55:39","slug":"samsung-galaxy-s23-deutsche-nutzer-erhalten-wohl-nicht-die-bestmoegliche-leistung","status":"publish","type":"post","link":"https:\/\/www.akku-plus.com\/akkublog\/2022\/09\/22\/samsung-galaxy-s23-deutsche-nutzer-erhalten-wohl-nicht-die-bestmoegliche-leistung\/","title":{"rendered":"Samsung Galaxy S23: Deutsche Nutzer erhalten wohl nicht die bestm\u00f6gliche Leistung"},"content":{"rendered":"\n<p>Samsung scheint beim neuen Galaxy S23 f\u00fcr Nutzer in Deutschland eine Entt\u00e4uschung parat zu haben. Aktuellen Berichten zufolge werden die Ger\u00e4te in der EU nicht mit dem leistungsst\u00e4rkeren Snapdragon-Prozessor ausgestattet.<\/p>\n\n\n\n<p>Ende 2022 wird Samsung aller Voraussicht nach seine neuen Flaggschiffe der Galaxy S23-Serie vorstellen. Prozessor-technisch war die letzte Meldung, dass die Ger\u00e4te allesamt mit dem Snapdragon 8 Gen 2 ausgestattet sein werden. Doch das scheint wohl nicht zu stimmen.<\/p>\n\n\n\n<p>Wie der bekannte Tippgeber Ice Universe auf Social Media gepostet hat, hofft die Samsung MX-Abteilung, dass die Smartphones der Samsung Galaxy S23-Serie mit den Qualcomm Snapdragon-Prozessoren erscheinen. Samsung Electronics will aber auch weiterhin einige Exynos-Chips in den neuen Flaggschiffen verbauen.<\/p>\n\n\n\n<p>Samsung Galaxy S23 kommt teils wohl doch mit Exynos-Prozessor<br>Der Samsung Exynos 2300, der m\u00f6glicherweise dann doch zum Einsatz kommen k\u00f6nnte, tr\u00e4gt intern den Codenamen &#8222;Quadra&#8220;. Dieser soll im 3nm GAA-Prozess gefertigt werden. Au\u00dferdem verf\u00fcgt er \u00fcber die neuesten ARM-CPU-Kerne und eine aktualisierte Xclipse-GPU, die auf der neuen Radeon-GPU von AMD basiert.<\/p>\n\n\n\n<p>F\u00fcr Nutzer in Europa w\u00fcrde das wohl erneut bedeuten, dass man bei den Samsung-Ger\u00e4ten nicht die gleiche Leistung erreichen wird, wie etwa in den USA oder Teilen Asiens. Genaueres wird man vom Hersteller wohl erst zum Release der Smartphones erfahren.<\/p>\n","protected":false},"excerpt":{"rendered":"<p>Samsung scheint beim neuen Galaxy S23 f\u00fcr Nutzer in Deutschland eine Entt\u00e4uschung parat zu haben. Aktuellen Berichten zufolge werden die Ger\u00e4te in der EU nicht mit dem leistungsst\u00e4rkeren Snapdragon-Prozessor ausgestattet. Ende 2022 wird Samsung aller Voraussicht nach seine neuen Flaggschiffe der Galaxy S23-Serie vorstellen. Prozessor-technisch war die letzte Meldung, dass die Ger\u00e4te allesamt mit dem [&hellip;]<\/p>\n","protected":false},"author":1,"featured_media":0,"comment_status":"open","ping_status":"open","sticky":false,"template":"","format":"standard","meta":{"footnotes":""},"categories":[6],"tags":[],"class_list":["post-236","post","type-post","status-publish","format-standard","hentry","category-nachrichten"],"yoast_head":"<!-- This site is optimized with the Yoast SEO plugin v23.7 - https:\/\/yoast.com\/wordpress\/plugins\/seo\/ -->\n<title>Samsung Galaxy S23: Deutsche Nutzer erhalten wohl nicht die bestm\u00f6gliche Leistung - Online-Shop:Akkus, Batterien und Ladeger\u00e4te<\/title>\n<meta name=\"robots\" content=\"index, follow, max-snippet:-1, max-image-preview:large, max-video-preview:-1\" \/>\n<link rel=\"canonical\" href=\"http:\/\/www.akku-plus.com\/akkublog\/2022\/09\/22\/samsung-galaxy-s23-deutsche-nutzer-erhalten-wohl-nicht-die-bestmoegliche-leistung\/\" \/>\n<meta property=\"og:locale\" content=\"de_DE\" \/>\n<meta property=\"og:type\" content=\"article\" \/>\n<meta property=\"og:title\" content=\"Samsung Galaxy S23: Deutsche Nutzer erhalten wohl nicht die bestm\u00f6gliche Leistung - Online-Shop:Akkus, Batterien und Ladeger\u00e4te\" \/>\n<meta property=\"og:description\" content=\"Samsung scheint beim neuen Galaxy S23 f\u00fcr Nutzer in Deutschland eine Entt\u00e4uschung parat zu haben. Aktuellen Berichten zufolge werden die Ger\u00e4te in der EU nicht mit dem leistungsst\u00e4rkeren Snapdragon-Prozessor ausgestattet. Ende 2022 wird Samsung aller Voraussicht nach seine neuen Flaggschiffe der Galaxy S23-Serie vorstellen. Prozessor-technisch war die letzte Meldung, dass die Ger\u00e4te allesamt mit dem [&hellip;]\" \/>\n<meta property=\"og:url\" content=\"http:\/\/www.akku-plus.com\/akkublog\/2022\/09\/22\/samsung-galaxy-s23-deutsche-nutzer-erhalten-wohl-nicht-die-bestmoegliche-leistung\/\" \/>\n<meta property=\"og:site_name\" content=\"Online-Shop:Akkus, Batterien und Ladeger\u00e4te\" \/>\n<meta property=\"article:published_time\" content=\"2022-09-22T10:55:39+00:00\" \/>\n<meta name=\"author\" content=\"bella2020\" \/>\n<meta name=\"twitter:card\" content=\"summary_large_image\" \/>\n<meta name=\"twitter:label1\" content=\"Verfasst von\" \/>\n\t<meta name=\"twitter:data1\" content=\"bella2020\" \/>\n\t<meta name=\"twitter:label2\" content=\"Gesch\u00e4tzte Lesezeit\" \/>\n\t<meta name=\"twitter:data2\" content=\"1\u00a0Minute\" \/>\n<script type=\"application\/ld+json\" class=\"yoast-schema-graph\">{\"@context\":\"https:\/\/schema.org\",\"@graph\":[{\"@type\":\"WebPage\",\"@id\":\"http:\/\/www.akku-plus.com\/akkublog\/2022\/09\/22\/samsung-galaxy-s23-deutsche-nutzer-erhalten-wohl-nicht-die-bestmoegliche-leistung\/\",\"url\":\"http:\/\/www.akku-plus.com\/akkublog\/2022\/09\/22\/samsung-galaxy-s23-deutsche-nutzer-erhalten-wohl-nicht-die-bestmoegliche-leistung\/\",\"name\":\"Samsung Galaxy S23: Deutsche Nutzer erhalten wohl nicht die bestm\u00f6gliche Leistung - Online-Shop:Akkus, Batterien und Ladeger\u00e4te\",\"isPartOf\":{\"@id\":\"http:\/\/www.akku-plus.com\/akkublog\/#website\"},\"datePublished\":\"2022-09-22T10:55:39+00:00\",\"dateModified\":\"2022-09-22T10:55:39+00:00\",\"author\":{\"@id\":\"http:\/\/www.akku-plus.com\/akkublog\/#\/schema\/person\/3241c1dbb5b808bd028b895f1257c196\"},\"breadcrumb\":{\"@id\":\"http:\/\/www.akku-plus.com\/akkublog\/2022\/09\/22\/samsung-galaxy-s23-deutsche-nutzer-erhalten-wohl-nicht-die-bestmoegliche-leistung\/#breadcrumb\"},\"inLanguage\":\"de\",\"potentialAction\":[{\"@type\":\"ReadAction\",\"target\":[\"http:\/\/www.akku-plus.com\/akkublog\/2022\/09\/22\/samsung-galaxy-s23-deutsche-nutzer-erhalten-wohl-nicht-die-bestmoegliche-leistung\/\"]}]},{\"@type\":\"BreadcrumbList\",\"@id\":\"http:\/\/www.akku-plus.com\/akkublog\/2022\/09\/22\/samsung-galaxy-s23-deutsche-nutzer-erhalten-wohl-nicht-die-bestmoegliche-leistung\/#breadcrumb\",\"itemListElement\":[{\"@type\":\"ListItem\",\"position\":1,\"name\":\"Startseite\",\"item\":\"http:\/\/www.akku-plus.com\/akkublog\/\"},{\"@type\":\"ListItem\",\"position\":2,\"name\":\"Samsung Galaxy S23: Deutsche Nutzer erhalten wohl nicht die bestm\u00f6gliche Leistung\"}]},{\"@type\":\"WebSite\",\"@id\":\"http:\/\/www.akku-plus.com\/akkublog\/#website\",\"url\":\"http:\/\/www.akku-plus.com\/akkublog\/\",\"name\":\"Online-Shop:Akkus, Batterien und Ladeger\u00e4te\",\"description\":\"Akku-plus.com ist Ihr Profi f&uuml;r Akkus, Batterien und Ladeger&auml;te! F&uuml;r weit &uuml;ber 100,000 Ger&auml;te haben wir die passenden Ersatzakkus und Batterien und liefern schnell und zuverl&auml;ssig innerhalb Europa.\",\"potentialAction\":[{\"@type\":\"SearchAction\",\"target\":{\"@type\":\"EntryPoint\",\"urlTemplate\":\"http:\/\/www.akku-plus.com\/akkublog\/?s={search_term_string}\"},\"query-input\":{\"@type\":\"PropertyValueSpecification\",\"valueRequired\":true,\"valueName\":\"search_term_string\"}}],\"inLanguage\":\"de\"},{\"@type\":\"Person\",\"@id\":\"http:\/\/www.akku-plus.com\/akkublog\/#\/schema\/person\/3241c1dbb5b808bd028b895f1257c196\",\"name\":\"bella2020\",\"image\":{\"@type\":\"ImageObject\",\"inLanguage\":\"de\",\"@id\":\"http:\/\/www.akku-plus.com\/akkublog\/#\/schema\/person\/image\/\",\"url\":\"https:\/\/secure.gravatar.com\/avatar\/133b95318ea74e3b9335c2c761297a2b?s=96&d=mm&r=g\",\"contentUrl\":\"https:\/\/secure.gravatar.com\/avatar\/133b95318ea74e3b9335c2c761297a2b?s=96&d=mm&r=g\",\"caption\":\"bella2020\"},\"sameAs\":[\"http:\/\/www.akku-plus.com\/akkublog\"],\"url\":\"https:\/\/www.akku-plus.com\/akkublog\/author\/bella2020\/\"}]}<\/script>\n<!-- \/ Yoast SEO plugin. -->","yoast_head_json":{"title":"Samsung Galaxy S23: Deutsche Nutzer erhalten wohl nicht die bestm\u00f6gliche Leistung - Online-Shop:Akkus, Batterien und Ladeger\u00e4te","robots":{"index":"index","follow":"follow","max-snippet":"max-snippet:-1","max-image-preview":"max-image-preview:large","max-video-preview":"max-video-preview:-1"},"canonical":"http:\/\/www.akku-plus.com\/akkublog\/2022\/09\/22\/samsung-galaxy-s23-deutsche-nutzer-erhalten-wohl-nicht-die-bestmoegliche-leistung\/","og_locale":"de_DE","og_type":"article","og_title":"Samsung Galaxy S23: Deutsche Nutzer erhalten wohl nicht die bestm\u00f6gliche Leistung - Online-Shop:Akkus, Batterien und Ladeger\u00e4te","og_description":"Samsung scheint beim neuen Galaxy S23 f\u00fcr Nutzer in Deutschland eine Entt\u00e4uschung parat zu haben. Aktuellen Berichten zufolge werden die Ger\u00e4te in der EU nicht mit dem leistungsst\u00e4rkeren Snapdragon-Prozessor ausgestattet. Ende 2022 wird Samsung aller Voraussicht nach seine neuen Flaggschiffe der Galaxy S23-Serie vorstellen. Prozessor-technisch war die letzte Meldung, dass die Ger\u00e4te allesamt mit dem [&hellip;]","og_url":"http:\/\/www.akku-plus.com\/akkublog\/2022\/09\/22\/samsung-galaxy-s23-deutsche-nutzer-erhalten-wohl-nicht-die-bestmoegliche-leistung\/","og_site_name":"Online-Shop:Akkus, Batterien und Ladeger\u00e4te","article_published_time":"2022-09-22T10:55:39+00:00","author":"bella2020","twitter_card":"summary_large_image","twitter_misc":{"Verfasst von":"bella2020","Gesch\u00e4tzte Lesezeit":"1\u00a0Minute"},"schema":{"@context":"https:\/\/schema.org","@graph":[{"@type":"WebPage","@id":"http:\/\/www.akku-plus.com\/akkublog\/2022\/09\/22\/samsung-galaxy-s23-deutsche-nutzer-erhalten-wohl-nicht-die-bestmoegliche-leistung\/","url":"http:\/\/www.akku-plus.com\/akkublog\/2022\/09\/22\/samsung-galaxy-s23-deutsche-nutzer-erhalten-wohl-nicht-die-bestmoegliche-leistung\/","name":"Samsung Galaxy S23: Deutsche Nutzer erhalten wohl nicht die bestm\u00f6gliche Leistung - Online-Shop:Akkus, Batterien und Ladeger\u00e4te","isPartOf":{"@id":"http:\/\/www.akku-plus.com\/akkublog\/#website"},"datePublished":"2022-09-22T10:55:39+00:00","dateModified":"2022-09-22T10:55:39+00:00","author":{"@id":"http:\/\/www.akku-plus.com\/akkublog\/#\/schema\/person\/3241c1dbb5b808bd028b895f1257c196"},"breadcrumb":{"@id":"http:\/\/www.akku-plus.com\/akkublog\/2022\/09\/22\/samsung-galaxy-s23-deutsche-nutzer-erhalten-wohl-nicht-die-bestmoegliche-leistung\/#breadcrumb"},"inLanguage":"de","potentialAction":[{"@type":"ReadAction","target":["http:\/\/www.akku-plus.com\/akkublog\/2022\/09\/22\/samsung-galaxy-s23-deutsche-nutzer-erhalten-wohl-nicht-die-bestmoegliche-leistung\/"]}]},{"@type":"BreadcrumbList","@id":"http:\/\/www.akku-plus.com\/akkublog\/2022\/09\/22\/samsung-galaxy-s23-deutsche-nutzer-erhalten-wohl-nicht-die-bestmoegliche-leistung\/#breadcrumb","itemListElement":[{"@type":"ListItem","position":1,"name":"Startseite","item":"http:\/\/www.akku-plus.com\/akkublog\/"},{"@type":"ListItem","position":2,"name":"Samsung Galaxy S23: Deutsche Nutzer erhalten wohl nicht die bestm\u00f6gliche Leistung"}]},{"@type":"WebSite","@id":"http:\/\/www.akku-plus.com\/akkublog\/#website","url":"http:\/\/www.akku-plus.com\/akkublog\/","name":"Online-Shop:Akkus, Batterien und Ladeger\u00e4te","description":"Akku-plus.com ist Ihr Profi f&uuml;r Akkus, Batterien und Ladeger&auml;te! F&uuml;r weit &uuml;ber 100,000 Ger&auml;te haben wir die passenden Ersatzakkus und Batterien und liefern schnell und zuverl&auml;ssig innerhalb Europa.","potentialAction":[{"@type":"SearchAction","target":{"@type":"EntryPoint","urlTemplate":"http:\/\/www.akku-plus.com\/akkublog\/?s={search_term_string}"},"query-input":{"@type":"PropertyValueSpecification","valueRequired":true,"valueName":"search_term_string"}}],"inLanguage":"de"},{"@type":"Person","@id":"http:\/\/www.akku-plus.com\/akkublog\/#\/schema\/person\/3241c1dbb5b808bd028b895f1257c196","name":"bella2020","image":{"@type":"ImageObject","inLanguage":"de","@id":"http:\/\/www.akku-plus.com\/akkublog\/#\/schema\/person\/image\/","url":"https:\/\/secure.gravatar.com\/avatar\/133b95318ea74e3b9335c2c761297a2b?s=96&d=mm&r=g","contentUrl":"https:\/\/secure.gravatar.com\/avatar\/133b95318ea74e3b9335c2c761297a2b?s=96&d=mm&r=g","caption":"bella2020"},"sameAs":["http:\/\/www.akku-plus.com\/akkublog"],"url":"https:\/\/www.akku-plus.com\/akkublog\/author\/bella2020\/"}]}},"_links":{"self":[{"href":"https:\/\/www.akku-plus.com\/akkublog\/wp-json\/wp\/v2\/posts\/236"}],"collection":[{"href":"https:\/\/www.akku-plus.com\/akkublog\/wp-json\/wp\/v2\/posts"}],"about":[{"href":"https:\/\/www.akku-plus.com\/akkublog\/wp-json\/wp\/v2\/types\/post"}],"author":[{"embeddable":true,"href":"https:\/\/www.akku-plus.com\/akkublog\/wp-json\/wp\/v2\/users\/1"}],"replies":[{"embeddable":true,"href":"https:\/\/www.akku-plus.com\/akkublog\/wp-json\/wp\/v2\/comments?post=236"}],"version-history":[{"count":1,"href":"https:\/\/www.akku-plus.com\/akkublog\/wp-json\/wp\/v2\/posts\/236\/revisions"}],"predecessor-version":[{"id":237,"href":"https:\/\/www.akku-plus.com\/akkublog\/wp-json\/wp\/v2\/posts\/236\/revisions\/237"}],"wp:attachment":[{"href":"https:\/\/www.akku-plus.com\/akkublog\/wp-json\/wp\/v2\/media?parent=236"}],"wp:term":[{"taxonomy":"category","embeddable":true,"href":"https:\/\/www.akku-plus.com\/akkublog\/wp-json\/wp\/v2\/categories?post=236"},{"taxonomy":"post_tag","embeddable":true,"href":"https:\/\/www.akku-plus.com\/akkublog\/wp-json\/wp\/v2\/tags?post=236"}],"curies":[{"name":"wp","href":"https:\/\/api.w.org\/{rel}","templated":true}]}}