{"id":256,"date":"2022-10-12T10:02:06","date_gmt":"2022-10-12T10:02:06","guid":{"rendered":"http:\/\/www.akku-plus.com\/akkublog\/?p=256"},"modified":"2022-10-12T10:02:06","modified_gmt":"2022-10-12T10:02:06","slug":"saemtliche-iphone-ladekabel-schon-bald-unbrauchbar","status":"publish","type":"post","link":"https:\/\/www.akku-plus.com\/akkublog\/2022\/10\/12\/saemtliche-iphone-ladekabel-schon-bald-unbrauchbar\/","title":{"rendered":"S\u00e4mtliche iPhone-Ladekabel schon bald unbrauchbar"},"content":{"rendered":"\n<p>Schlechte Nachrichten f\u00fcr iPhone-Nutzer: Lightning-Kabel werden bereits in naher Zukunft unbrauchbar und m\u00fcssen ersetzt werden. Das geht aus einem neuen Beschluss des Europ\u00e4ischen Parlaments hervor. Darauf musst du dich einstellen.<\/p>\n\n\n\n<p>Nutzer eines Apple iPhones stechen aus der breiten Masse an Smartphone-Nutzern hervor. Dies liegt haupts\u00e4chlich an dem hauseigenen iOS-Betriebssystem und andererseits an der ebenfalls aus der Apple-Schmiede stammenden Lightning-Schnittstelle. Ihre Vor- sowie Nachteile gegen\u00fcber der USB-C-Schnittstelle sind f\u00fcr den Otto Normalverbraucher praktisch nicht existent \u2013 mit einer Ausnahme. Solltest du neben deinen Apple-Produkten auch \u00fcber weitere elektronische Ger\u00e4te verf\u00fcgen, wie etwa \u00fcber Bluetooth-Lautsprecher oder eine Smartwatch, wirst du zwangsl\u00e4ufig mehrere unterschiedliche Ladeger\u00e4te und Kabel ben\u00f6tigen \u2013 oder aber auf einen Adapter angewiesen sein. So war das zumindest bisher. Demn\u00e4chst gelten in der EU jedoch andere Regeln. Und diese besagen unterm Strich: Apple-Ladekabel werden unbrauchbar.<\/p>\n\n\n\n<p>EU-REGELUNG F\u00dcR EINHEITLICHE LADEKABEL ENDG\u00dcLTIG BESCHLOSSEN<br>Die Arbeiten an einer Regelung f\u00fcr einheitliche USB-C-Ladekabel zogen sich \u00fcber Jahre. Doch nun ist es beschlossen: Mit einer \u00fcberw\u00e4ltigenden Mehrheit von 602 zu 13 Stimmen (8 Enthaltungen) stimmte das Plenum des Europ\u00e4ischen Parlaments f\u00fcr eine entsprechende Vorschrift. Bis Ende 2024 m\u00fcssen s\u00e4mtliche Mobiltelefone, Tablets, Digitalkameras, Kopfh\u00f6rer, Bluetooth-Lautsprecher, tragbare Videospielkonsolen und sonstige mobilen elektronischen Ger\u00e4te mit einem USB-C-Anschluss ausgestattet werden.<\/p>\n\n\n\n<p>Davon versprechen sich die Verantwortlichen einerseits Interoperabilit\u00e4ts-Vorteile f\u00fcr Verbraucher und andererseits eine Verringerung von Elektroabfall. So k\u00f6nnten Anwender nach Angaben des Europ\u00e4ischen Parlaments bis zu 250 Millionen Euro pro Jahr \u201ef\u00fcr unn\u00f6tige Ladeger\u00e4te\u201c einsparen. Zumal Ger\u00e4te k\u00fcnftig in zwei Versionen ausgeliefert werden sollen: mit und ohne Ladekabel \/-ger\u00e4t. Ein spezielles Etikett soll Verbraucher dar\u00fcber hinaus \u00fcbersichtlich \u00fcber die Ladeeigenschaften neuer Produkte informieren und ihnen die Entscheidung, welche Variante sie kaufen m\u00f6chten, erleichtern.<\/p>\n\n\n\n<p>USB-C: IM ERSTEN SCHRITT MEHR ELEKTROSCHROTT<br>So viel zu den positiven Aspekten. F\u00fcr Apple-Anwender bedeutet dies jedoch, dass sie sp\u00e4testens ab 2025 neue Ladeger\u00e4te sowie Ladekabel ben\u00f6tigen, denn ihre Lightning-Kabel werden nicht mehr zu den neueren iPhone-Modellen passen. Dadurch entsteht zus\u00e4tzlicher Elektroschrott. Ferner w\u00e4chst die Ladeleistung von etwa Mobiltelefonen aktuell rasant an. Daher werden die vorhandenen Ladeger\u00e4te allgemein im Laufe der Zeit zwangsl\u00e4ufig ersetzt werden m\u00fcssen, um von einer k\u00fcrzeren Ladedauer zu profitieren. Diese Entwicklung d\u00fcrfte jedoch ab einem gewissen Punkt wieder stagnieren.<\/p>\n\n\n\n<p>Hersteller sollen ihr Produktportfolio, wie bereits erw\u00e4hnt, bis Ende 2024 an die neue Regelung anpassen. Das gilt allerdings nicht f\u00fcr Laptops. Diese m\u00fcssen erst ab dem Fr\u00fchjahr 2026 einen USB-C-Anschluss bieten.<\/p>\n\n\n\n<p>&gt;&gt;&gt;&gt;&gt;&gt;&gt;&gt;&gt;&gt;&gt;&gt;&gt;&gt;&gt;&gt;&gt;&gt;&gt;&gt;&gt;&gt;<a href=\"https:\/\/www.akku-plus.com\/brand\/10\/Apple\" target=\"_blank\" rel=\"noreferrer noopener\">Apple Ladeger\u00e4te und Kabel<\/a><\/p>\n","protected":false},"excerpt":{"rendered":"<p>Schlechte Nachrichten f\u00fcr iPhone-Nutzer: Lightning-Kabel werden bereits in naher Zukunft unbrauchbar und m\u00fcssen ersetzt werden. Das geht aus einem neuen Beschluss des Europ\u00e4ischen Parlaments hervor. Darauf musst du dich einstellen. Nutzer eines Apple iPhones stechen aus der breiten Masse an Smartphone-Nutzern hervor. Dies liegt haupts\u00e4chlich an dem hauseigenen iOS-Betriebssystem und andererseits an der ebenfalls aus [&hellip;]<\/p>\n","protected":false},"author":1,"featured_media":0,"comment_status":"open","ping_status":"open","sticky":false,"template":"","format":"standard","meta":{"footnotes":""},"categories":[6],"tags":[9],"class_list":["post-256","post","type-post","status-publish","format-standard","hentry","category-nachrichten","tag-iphone-ladekabel"],"yoast_head":"<!-- This site is optimized with the Yoast SEO plugin v23.7 - https:\/\/yoast.com\/wordpress\/plugins\/seo\/ -->\n<title>S\u00e4mtliche iPhone-Ladekabel schon bald unbrauchbar - Online-Shop:Akkus, Batterien und Ladeger\u00e4te<\/title>\n<meta name=\"robots\" content=\"index, follow, max-snippet:-1, max-image-preview:large, max-video-preview:-1\" \/>\n<link rel=\"canonical\" href=\"https:\/\/www.akku-plus.com\/akkublog\/2022\/10\/12\/saemtliche-iphone-ladekabel-schon-bald-unbrauchbar\/\" \/>\n<meta property=\"og:locale\" content=\"de_DE\" \/>\n<meta property=\"og:type\" content=\"article\" \/>\n<meta property=\"og:title\" content=\"S\u00e4mtliche iPhone-Ladekabel schon bald unbrauchbar - Online-Shop:Akkus, Batterien und Ladeger\u00e4te\" \/>\n<meta property=\"og:description\" content=\"Schlechte Nachrichten f\u00fcr iPhone-Nutzer: Lightning-Kabel werden bereits in naher Zukunft unbrauchbar und m\u00fcssen ersetzt werden. Das geht aus einem neuen Beschluss des Europ\u00e4ischen Parlaments hervor. Darauf musst du dich einstellen. Nutzer eines Apple iPhones stechen aus der breiten Masse an Smartphone-Nutzern hervor. Dies liegt haupts\u00e4chlich an dem hauseigenen iOS-Betriebssystem und andererseits an der ebenfalls aus [&hellip;]\" \/>\n<meta property=\"og:url\" content=\"https:\/\/www.akku-plus.com\/akkublog\/2022\/10\/12\/saemtliche-iphone-ladekabel-schon-bald-unbrauchbar\/\" \/>\n<meta property=\"og:site_name\" content=\"Online-Shop:Akkus, Batterien und Ladeger\u00e4te\" \/>\n<meta property=\"article:published_time\" content=\"2022-10-12T10:02:06+00:00\" \/>\n<meta name=\"author\" content=\"bella2020\" \/>\n<meta name=\"twitter:card\" content=\"summary_large_image\" \/>\n<meta name=\"twitter:label1\" content=\"Verfasst von\" \/>\n\t<meta name=\"twitter:data1\" content=\"bella2020\" \/>\n\t<meta name=\"twitter:label2\" content=\"Gesch\u00e4tzte Lesezeit\" \/>\n\t<meta name=\"twitter:data2\" content=\"2\u00a0Minuten\" \/>\n<script type=\"application\/ld+json\" class=\"yoast-schema-graph\">{\"@context\":\"https:\/\/schema.org\",\"@graph\":[{\"@type\":\"WebPage\",\"@id\":\"https:\/\/www.akku-plus.com\/akkublog\/2022\/10\/12\/saemtliche-iphone-ladekabel-schon-bald-unbrauchbar\/\",\"url\":\"https:\/\/www.akku-plus.com\/akkublog\/2022\/10\/12\/saemtliche-iphone-ladekabel-schon-bald-unbrauchbar\/\",\"name\":\"S\u00e4mtliche iPhone-Ladekabel schon bald unbrauchbar - Online-Shop:Akkus, Batterien und Ladeger\u00e4te\",\"isPartOf\":{\"@id\":\"https:\/\/www.akku-plus.com\/akkublog\/#website\"},\"datePublished\":\"2022-10-12T10:02:06+00:00\",\"dateModified\":\"2022-10-12T10:02:06+00:00\",\"author\":{\"@id\":\"https:\/\/www.akku-plus.com\/akkublog\/#\/schema\/person\/3241c1dbb5b808bd028b895f1257c196\"},\"breadcrumb\":{\"@id\":\"https:\/\/www.akku-plus.com\/akkublog\/2022\/10\/12\/saemtliche-iphone-ladekabel-schon-bald-unbrauchbar\/#breadcrumb\"},\"inLanguage\":\"de\",\"potentialAction\":[{\"@type\":\"ReadAction\",\"target\":[\"https:\/\/www.akku-plus.com\/akkublog\/2022\/10\/12\/saemtliche-iphone-ladekabel-schon-bald-unbrauchbar\/\"]}]},{\"@type\":\"BreadcrumbList\",\"@id\":\"https:\/\/www.akku-plus.com\/akkublog\/2022\/10\/12\/saemtliche-iphone-ladekabel-schon-bald-unbrauchbar\/#breadcrumb\",\"itemListElement\":[{\"@type\":\"ListItem\",\"position\":1,\"name\":\"Startseite\",\"item\":\"https:\/\/www.akku-plus.com\/akkublog\/\"},{\"@type\":\"ListItem\",\"position\":2,\"name\":\"S\u00e4mtliche iPhone-Ladekabel schon bald unbrauchbar\"}]},{\"@type\":\"WebSite\",\"@id\":\"https:\/\/www.akku-plus.com\/akkublog\/#website\",\"url\":\"https:\/\/www.akku-plus.com\/akkublog\/\",\"name\":\"Online-Shop:Akkus, Batterien und Ladeger\u00e4te\",\"description\":\"Akku-plus.com ist Ihr Profi f&uuml;r Akkus, Batterien und Ladeger&auml;te! F&uuml;r weit &uuml;ber 100,000 Ger&auml;te haben wir die passenden Ersatzakkus und Batterien und liefern schnell und zuverl&auml;ssig innerhalb Europa.\",\"potentialAction\":[{\"@type\":\"SearchAction\",\"target\":{\"@type\":\"EntryPoint\",\"urlTemplate\":\"https:\/\/www.akku-plus.com\/akkublog\/?s={search_term_string}\"},\"query-input\":{\"@type\":\"PropertyValueSpecification\",\"valueRequired\":true,\"valueName\":\"search_term_string\"}}],\"inLanguage\":\"de\"},{\"@type\":\"Person\",\"@id\":\"https:\/\/www.akku-plus.com\/akkublog\/#\/schema\/person\/3241c1dbb5b808bd028b895f1257c196\",\"name\":\"bella2020\",\"image\":{\"@type\":\"ImageObject\",\"inLanguage\":\"de\",\"@id\":\"https:\/\/www.akku-plus.com\/akkublog\/#\/schema\/person\/image\/\",\"url\":\"https:\/\/secure.gravatar.com\/avatar\/133b95318ea74e3b9335c2c761297a2b?s=96&d=mm&r=g\",\"contentUrl\":\"https:\/\/secure.gravatar.com\/avatar\/133b95318ea74e3b9335c2c761297a2b?s=96&d=mm&r=g\",\"caption\":\"bella2020\"},\"sameAs\":[\"http:\/\/www.akku-plus.com\/akkublog\"],\"url\":\"https:\/\/www.akku-plus.com\/akkublog\/author\/bella2020\/\"}]}<\/script>\n<!-- \/ Yoast SEO plugin. -->","yoast_head_json":{"title":"S\u00e4mtliche iPhone-Ladekabel schon bald unbrauchbar - Online-Shop:Akkus, Batterien und Ladeger\u00e4te","robots":{"index":"index","follow":"follow","max-snippet":"max-snippet:-1","max-image-preview":"max-image-preview:large","max-video-preview":"max-video-preview:-1"},"canonical":"https:\/\/www.akku-plus.com\/akkublog\/2022\/10\/12\/saemtliche-iphone-ladekabel-schon-bald-unbrauchbar\/","og_locale":"de_DE","og_type":"article","og_title":"S\u00e4mtliche iPhone-Ladekabel schon bald unbrauchbar - Online-Shop:Akkus, Batterien und Ladeger\u00e4te","og_description":"Schlechte Nachrichten f\u00fcr iPhone-Nutzer: Lightning-Kabel werden bereits in naher Zukunft unbrauchbar und m\u00fcssen ersetzt werden. Das geht aus einem neuen Beschluss des Europ\u00e4ischen Parlaments hervor. Darauf musst du dich einstellen. Nutzer eines Apple iPhones stechen aus der breiten Masse an Smartphone-Nutzern hervor. Dies liegt haupts\u00e4chlich an dem hauseigenen iOS-Betriebssystem und andererseits an der ebenfalls aus [&hellip;]","og_url":"https:\/\/www.akku-plus.com\/akkublog\/2022\/10\/12\/saemtliche-iphone-ladekabel-schon-bald-unbrauchbar\/","og_site_name":"Online-Shop:Akkus, Batterien und Ladeger\u00e4te","article_published_time":"2022-10-12T10:02:06+00:00","author":"bella2020","twitter_card":"summary_large_image","twitter_misc":{"Verfasst von":"bella2020","Gesch\u00e4tzte Lesezeit":"2\u00a0Minuten"},"schema":{"@context":"https:\/\/schema.org","@graph":[{"@type":"WebPage","@id":"https:\/\/www.akku-plus.com\/akkublog\/2022\/10\/12\/saemtliche-iphone-ladekabel-schon-bald-unbrauchbar\/","url":"https:\/\/www.akku-plus.com\/akkublog\/2022\/10\/12\/saemtliche-iphone-ladekabel-schon-bald-unbrauchbar\/","name":"S\u00e4mtliche iPhone-Ladekabel schon bald unbrauchbar - Online-Shop:Akkus, Batterien und Ladeger\u00e4te","isPartOf":{"@id":"https:\/\/www.akku-plus.com\/akkublog\/#website"},"datePublished":"2022-10-12T10:02:06+00:00","dateModified":"2022-10-12T10:02:06+00:00","author":{"@id":"https:\/\/www.akku-plus.com\/akkublog\/#\/schema\/person\/3241c1dbb5b808bd028b895f1257c196"},"breadcrumb":{"@id":"https:\/\/www.akku-plus.com\/akkublog\/2022\/10\/12\/saemtliche-iphone-ladekabel-schon-bald-unbrauchbar\/#breadcrumb"},"inLanguage":"de","potentialAction":[{"@type":"ReadAction","target":["https:\/\/www.akku-plus.com\/akkublog\/2022\/10\/12\/saemtliche-iphone-ladekabel-schon-bald-unbrauchbar\/"]}]},{"@type":"BreadcrumbList","@id":"https:\/\/www.akku-plus.com\/akkublog\/2022\/10\/12\/saemtliche-iphone-ladekabel-schon-bald-unbrauchbar\/#breadcrumb","itemListElement":[{"@type":"ListItem","position":1,"name":"Startseite","item":"https:\/\/www.akku-plus.com\/akkublog\/"},{"@type":"ListItem","position":2,"name":"S\u00e4mtliche iPhone-Ladekabel schon bald unbrauchbar"}]},{"@type":"WebSite","@id":"https:\/\/www.akku-plus.com\/akkublog\/#website","url":"https:\/\/www.akku-plus.com\/akkublog\/","name":"Online-Shop:Akkus, Batterien und Ladeger\u00e4te","description":"Akku-plus.com ist Ihr Profi f&uuml;r Akkus, Batterien und Ladeger&auml;te! F&uuml;r weit &uuml;ber 100,000 Ger&auml;te haben wir die passenden Ersatzakkus und Batterien und liefern schnell und zuverl&auml;ssig innerhalb Europa.","potentialAction":[{"@type":"SearchAction","target":{"@type":"EntryPoint","urlTemplate":"https:\/\/www.akku-plus.com\/akkublog\/?s={search_term_string}"},"query-input":{"@type":"PropertyValueSpecification","valueRequired":true,"valueName":"search_term_string"}}],"inLanguage":"de"},{"@type":"Person","@id":"https:\/\/www.akku-plus.com\/akkublog\/#\/schema\/person\/3241c1dbb5b808bd028b895f1257c196","name":"bella2020","image":{"@type":"ImageObject","inLanguage":"de","@id":"https:\/\/www.akku-plus.com\/akkublog\/#\/schema\/person\/image\/","url":"https:\/\/secure.gravatar.com\/avatar\/133b95318ea74e3b9335c2c761297a2b?s=96&d=mm&r=g","contentUrl":"https:\/\/secure.gravatar.com\/avatar\/133b95318ea74e3b9335c2c761297a2b?s=96&d=mm&r=g","caption":"bella2020"},"sameAs":["http:\/\/www.akku-plus.com\/akkublog"],"url":"https:\/\/www.akku-plus.com\/akkublog\/author\/bella2020\/"}]}},"_links":{"self":[{"href":"https:\/\/www.akku-plus.com\/akkublog\/wp-json\/wp\/v2\/posts\/256"}],"collection":[{"href":"https:\/\/www.akku-plus.com\/akkublog\/wp-json\/wp\/v2\/posts"}],"about":[{"href":"https:\/\/www.akku-plus.com\/akkublog\/wp-json\/wp\/v2\/types\/post"}],"author":[{"embeddable":true,"href":"https:\/\/www.akku-plus.com\/akkublog\/wp-json\/wp\/v2\/users\/1"}],"replies":[{"embeddable":true,"href":"https:\/\/www.akku-plus.com\/akkublog\/wp-json\/wp\/v2\/comments?post=256"}],"version-history":[{"count":1,"href":"https:\/\/www.akku-plus.com\/akkublog\/wp-json\/wp\/v2\/posts\/256\/revisions"}],"predecessor-version":[{"id":257,"href":"https:\/\/www.akku-plus.com\/akkublog\/wp-json\/wp\/v2\/posts\/256\/revisions\/257"}],"wp:attachment":[{"href":"https:\/\/www.akku-plus.com\/akkublog\/wp-json\/wp\/v2\/media?parent=256"}],"wp:term":[{"taxonomy":"category","embeddable":true,"href":"https:\/\/www.akku-plus.com\/akkublog\/wp-json\/wp\/v2\/categories?post=256"},{"taxonomy":"post_tag","embeddable":true,"href":"https:\/\/www.akku-plus.com\/akkublog\/wp-json\/wp\/v2\/tags?post=256"}],"curies":[{"name":"wp","href":"https:\/\/api.w.org\/{rel}","templated":true}]}}