{"id":44,"date":"2020-11-12T09:01:30","date_gmt":"2020-11-12T09:01:30","guid":{"rendered":"http:\/\/www.akku-plus.com\/akkublog\/?p=44"},"modified":"2020-11-12T09:01:30","modified_gmt":"2020-11-12T09:01:30","slug":"galaxy-s21-soll-bereits-anfang-2021-starten","status":"publish","type":"post","link":"https:\/\/www.akku-plus.com\/akkublog\/2020\/11\/12\/galaxy-s21-soll-bereits-anfang-2021-starten\/","title":{"rendered":"Galaxy S21 soll bereits Anfang 2021 starten"},"content":{"rendered":"\n<p>Normalerweise pr\u00e4sentiert Samsung die Smartphones seiner Top-Baureihe Galaxy S immer im Februar und bringt sie im M\u00e4rz in den Handel. Doch im Jahr 2021 soll sich dieser Zeitplan deutlich \u00e4ndern.<\/p>\n\n\n\n<p>Reaktion auf Apple und Huawei<br>Laut einem Bericht von Reuters soll das Galaxy S21 mehr als einen Monat fr\u00fcher als erwartet auf den Markt kommen. Samsung wolle damit Marktanteile von den Konkurrenten Huawei und Apple abgreifen, sagten drei mit der Angelegenheit vertraute Personen. Apples iPhone-12-Reihe ist seit kurzem im Handel und Huaweis Mate 40 (Pro) scharrt bereits in den Startl\u00f6chern.<\/p>\n\n\n\n<p>Drei Modelle ab J\u00e4nner 2021<br>Der Nachfolger des Galaxy S20 soll bereits Ende J\u00e4nner n\u00e4chsten Jahres erh\u00e4ltlich sein. Samsung lehnte eine Stellungnahme ab. Laut dem Top-Leaker Jon Posser sollen das Galaxy S21, S21+ und S21 Ultra am 14. J\u00e4nner pr\u00e4sentiert werden. Noch am selben Tag soll der Vorbestellstart erfolgen. Die Markteinf\u00fchrung erfolgt demnach am 29. J\u00e4nner 2021.<\/p>\n\n\n\n<p>Ausstattung<br>Bez\u00fcglich der Ausstattung und des Designs sind ebenfalls bereits einige Details durchgesickert. Wie das auf Review-Plus geleakte Foto (oben) des S21 zeigt, gibt es auf der R\u00fcckseite ein neu gestaltetes Kameramodul, das sich optisch vom Rest der R\u00fcckseite absetzt. Beim Einstiegsmodell setzt es sich aus drei Linsen zusammen. Die Top-Varinte Galaxy S21 Ultra, deren Hauptkamera erneut mit 108 MP aufl\u00f6sen d\u00fcrfte, soll hingegen f\u00fcnf Objektive verbaut haben:<\/p>\n\n\n\n<p>Als Antrieb d\u00fcrfte bei der kompletten S21-Reihe der hauseigene Prozessor Exynos 2100 zum Einsatz kommen. Auch 5G soll bei allen drei Modellen mit an Bord sein. Beim Zubeh\u00f6r scheint Samsung auf den Apples iPhone-12-Zug aufzuspringen. Denn auch beim Galaxy S21 sollen das Netzteil und die Kopfh\u00f6rer nicht mehr zum Lieferumfang z\u00e4hlen. Ob sich die Ger\u00fcchte bewahrheiten, d\u00fcrften wir bereits Mitte J\u00e4nner 2021 erfahren.<\/p>\n\n\n\n<p>&gt;&gt;&gt;&gt;&gt;&gt;&gt;&gt;&gt;&gt;&gt;&gt;&gt;&gt;&gt;<a href=\"https:\/\/www.akku-plus.com\/brand\/4\/Samsung\">Samsung Smartphone Akku<\/a><\/p>\n","protected":false},"excerpt":{"rendered":"<p>Normalerweise pr\u00e4sentiert Samsung die Smartphones seiner Top-Baureihe Galaxy S immer im Februar und bringt sie im M\u00e4rz in den Handel. Doch im Jahr 2021 soll sich dieser Zeitplan deutlich \u00e4ndern. Reaktion auf Apple und HuaweiLaut einem Bericht von Reuters soll das Galaxy S21 mehr als einen Monat fr\u00fcher als erwartet auf den Markt kommen. Samsung [&hellip;]<\/p>\n","protected":false},"author":1,"featured_media":0,"comment_status":"open","ping_status":"open","sticky":false,"template":"","format":"standard","meta":{"footnotes":""},"categories":[6],"tags":[],"class_list":["post-44","post","type-post","status-publish","format-standard","hentry","category-nachrichten"],"yoast_head":"<!-- This site is optimized with the Yoast SEO plugin v23.7 - https:\/\/yoast.com\/wordpress\/plugins\/seo\/ -->\n<title>Galaxy S21 soll bereits Anfang 2021 starten - Online-Shop:Akkus, Batterien und Ladeger\u00e4te<\/title>\n<meta name=\"robots\" content=\"index, follow, max-snippet:-1, max-image-preview:large, max-video-preview:-1\" \/>\n<link rel=\"canonical\" href=\"https:\/\/www.akku-plus.com\/akkublog\/2020\/11\/12\/galaxy-s21-soll-bereits-anfang-2021-starten\/\" \/>\n<meta property=\"og:locale\" content=\"de_DE\" \/>\n<meta property=\"og:type\" content=\"article\" \/>\n<meta property=\"og:title\" content=\"Galaxy S21 soll bereits Anfang 2021 starten - Online-Shop:Akkus, Batterien und Ladeger\u00e4te\" \/>\n<meta property=\"og:description\" content=\"Normalerweise pr\u00e4sentiert Samsung die Smartphones seiner Top-Baureihe Galaxy S immer im Februar und bringt sie im M\u00e4rz in den Handel. Doch im Jahr 2021 soll sich dieser Zeitplan deutlich \u00e4ndern. Reaktion auf Apple und HuaweiLaut einem Bericht von Reuters soll das Galaxy S21 mehr als einen Monat fr\u00fcher als erwartet auf den Markt kommen. Samsung [&hellip;]\" \/>\n<meta property=\"og:url\" content=\"https:\/\/www.akku-plus.com\/akkublog\/2020\/11\/12\/galaxy-s21-soll-bereits-anfang-2021-starten\/\" \/>\n<meta property=\"og:site_name\" content=\"Online-Shop:Akkus, Batterien und Ladeger\u00e4te\" \/>\n<meta property=\"article:published_time\" content=\"2020-11-12T09:01:30+00:00\" \/>\n<meta name=\"author\" content=\"bella2020\" \/>\n<meta name=\"twitter:card\" content=\"summary_large_image\" \/>\n<meta name=\"twitter:label1\" content=\"Verfasst von\" \/>\n\t<meta name=\"twitter:data1\" content=\"bella2020\" \/>\n\t<meta name=\"twitter:label2\" content=\"Gesch\u00e4tzte Lesezeit\" \/>\n\t<meta name=\"twitter:data2\" content=\"2\u00a0Minuten\" \/>\n<script type=\"application\/ld+json\" class=\"yoast-schema-graph\">{\"@context\":\"https:\/\/schema.org\",\"@graph\":[{\"@type\":\"WebPage\",\"@id\":\"https:\/\/www.akku-plus.com\/akkublog\/2020\/11\/12\/galaxy-s21-soll-bereits-anfang-2021-starten\/\",\"url\":\"https:\/\/www.akku-plus.com\/akkublog\/2020\/11\/12\/galaxy-s21-soll-bereits-anfang-2021-starten\/\",\"name\":\"Galaxy S21 soll bereits Anfang 2021 starten - Online-Shop:Akkus, Batterien und Ladeger\u00e4te\",\"isPartOf\":{\"@id\":\"https:\/\/www.akku-plus.com\/akkublog\/#website\"},\"datePublished\":\"2020-11-12T09:01:30+00:00\",\"dateModified\":\"2020-11-12T09:01:30+00:00\",\"author\":{\"@id\":\"https:\/\/www.akku-plus.com\/akkublog\/#\/schema\/person\/3241c1dbb5b808bd028b895f1257c196\"},\"breadcrumb\":{\"@id\":\"https:\/\/www.akku-plus.com\/akkublog\/2020\/11\/12\/galaxy-s21-soll-bereits-anfang-2021-starten\/#breadcrumb\"},\"inLanguage\":\"de\",\"potentialAction\":[{\"@type\":\"ReadAction\",\"target\":[\"https:\/\/www.akku-plus.com\/akkublog\/2020\/11\/12\/galaxy-s21-soll-bereits-anfang-2021-starten\/\"]}]},{\"@type\":\"BreadcrumbList\",\"@id\":\"https:\/\/www.akku-plus.com\/akkublog\/2020\/11\/12\/galaxy-s21-soll-bereits-anfang-2021-starten\/#breadcrumb\",\"itemListElement\":[{\"@type\":\"ListItem\",\"position\":1,\"name\":\"Startseite\",\"item\":\"https:\/\/www.akku-plus.com\/akkublog\/\"},{\"@type\":\"ListItem\",\"position\":2,\"name\":\"Galaxy S21 soll bereits Anfang 2021 starten\"}]},{\"@type\":\"WebSite\",\"@id\":\"https:\/\/www.akku-plus.com\/akkublog\/#website\",\"url\":\"https:\/\/www.akku-plus.com\/akkublog\/\",\"name\":\"Online-Shop:Akkus, Batterien und Ladeger\u00e4te\",\"description\":\"Akku-plus.com ist Ihr Profi f&uuml;r Akkus, Batterien und Ladeger&auml;te! F&uuml;r weit &uuml;ber 100,000 Ger&auml;te haben wir die passenden Ersatzakkus und Batterien und liefern schnell und zuverl&auml;ssig innerhalb Europa.\",\"potentialAction\":[{\"@type\":\"SearchAction\",\"target\":{\"@type\":\"EntryPoint\",\"urlTemplate\":\"https:\/\/www.akku-plus.com\/akkublog\/?s={search_term_string}\"},\"query-input\":{\"@type\":\"PropertyValueSpecification\",\"valueRequired\":true,\"valueName\":\"search_term_string\"}}],\"inLanguage\":\"de\"},{\"@type\":\"Person\",\"@id\":\"https:\/\/www.akku-plus.com\/akkublog\/#\/schema\/person\/3241c1dbb5b808bd028b895f1257c196\",\"name\":\"bella2020\",\"image\":{\"@type\":\"ImageObject\",\"inLanguage\":\"de\",\"@id\":\"https:\/\/www.akku-plus.com\/akkublog\/#\/schema\/person\/image\/\",\"url\":\"https:\/\/secure.gravatar.com\/avatar\/133b95318ea74e3b9335c2c761297a2b?s=96&d=mm&r=g\",\"contentUrl\":\"https:\/\/secure.gravatar.com\/avatar\/133b95318ea74e3b9335c2c761297a2b?s=96&d=mm&r=g\",\"caption\":\"bella2020\"},\"sameAs\":[\"http:\/\/www.akku-plus.com\/akkublog\"],\"url\":\"https:\/\/www.akku-plus.com\/akkublog\/author\/bella2020\/\"}]}<\/script>\n<!-- \/ Yoast SEO plugin. -->","yoast_head_json":{"title":"Galaxy S21 soll bereits Anfang 2021 starten - Online-Shop:Akkus, Batterien und Ladeger\u00e4te","robots":{"index":"index","follow":"follow","max-snippet":"max-snippet:-1","max-image-preview":"max-image-preview:large","max-video-preview":"max-video-preview:-1"},"canonical":"https:\/\/www.akku-plus.com\/akkublog\/2020\/11\/12\/galaxy-s21-soll-bereits-anfang-2021-starten\/","og_locale":"de_DE","og_type":"article","og_title":"Galaxy S21 soll bereits Anfang 2021 starten - Online-Shop:Akkus, Batterien und Ladeger\u00e4te","og_description":"Normalerweise pr\u00e4sentiert Samsung die Smartphones seiner Top-Baureihe Galaxy S immer im Februar und bringt sie im M\u00e4rz in den Handel. Doch im Jahr 2021 soll sich dieser Zeitplan deutlich \u00e4ndern. Reaktion auf Apple und HuaweiLaut einem Bericht von Reuters soll das Galaxy S21 mehr als einen Monat fr\u00fcher als erwartet auf den Markt kommen. Samsung [&hellip;]","og_url":"https:\/\/www.akku-plus.com\/akkublog\/2020\/11\/12\/galaxy-s21-soll-bereits-anfang-2021-starten\/","og_site_name":"Online-Shop:Akkus, Batterien und Ladeger\u00e4te","article_published_time":"2020-11-12T09:01:30+00:00","author":"bella2020","twitter_card":"summary_large_image","twitter_misc":{"Verfasst von":"bella2020","Gesch\u00e4tzte Lesezeit":"2\u00a0Minuten"},"schema":{"@context":"https:\/\/schema.org","@graph":[{"@type":"WebPage","@id":"https:\/\/www.akku-plus.com\/akkublog\/2020\/11\/12\/galaxy-s21-soll-bereits-anfang-2021-starten\/","url":"https:\/\/www.akku-plus.com\/akkublog\/2020\/11\/12\/galaxy-s21-soll-bereits-anfang-2021-starten\/","name":"Galaxy S21 soll bereits Anfang 2021 starten - Online-Shop:Akkus, Batterien und Ladeger\u00e4te","isPartOf":{"@id":"https:\/\/www.akku-plus.com\/akkublog\/#website"},"datePublished":"2020-11-12T09:01:30+00:00","dateModified":"2020-11-12T09:01:30+00:00","author":{"@id":"https:\/\/www.akku-plus.com\/akkublog\/#\/schema\/person\/3241c1dbb5b808bd028b895f1257c196"},"breadcrumb":{"@id":"https:\/\/www.akku-plus.com\/akkublog\/2020\/11\/12\/galaxy-s21-soll-bereits-anfang-2021-starten\/#breadcrumb"},"inLanguage":"de","potentialAction":[{"@type":"ReadAction","target":["https:\/\/www.akku-plus.com\/akkublog\/2020\/11\/12\/galaxy-s21-soll-bereits-anfang-2021-starten\/"]}]},{"@type":"BreadcrumbList","@id":"https:\/\/www.akku-plus.com\/akkublog\/2020\/11\/12\/galaxy-s21-soll-bereits-anfang-2021-starten\/#breadcrumb","itemListElement":[{"@type":"ListItem","position":1,"name":"Startseite","item":"https:\/\/www.akku-plus.com\/akkublog\/"},{"@type":"ListItem","position":2,"name":"Galaxy S21 soll bereits Anfang 2021 starten"}]},{"@type":"WebSite","@id":"https:\/\/www.akku-plus.com\/akkublog\/#website","url":"https:\/\/www.akku-plus.com\/akkublog\/","name":"Online-Shop:Akkus, Batterien und Ladeger\u00e4te","description":"Akku-plus.com ist Ihr Profi f&uuml;r Akkus, Batterien und Ladeger&auml;te! F&uuml;r weit &uuml;ber 100,000 Ger&auml;te haben wir die passenden Ersatzakkus und Batterien und liefern schnell und zuverl&auml;ssig innerhalb Europa.","potentialAction":[{"@type":"SearchAction","target":{"@type":"EntryPoint","urlTemplate":"https:\/\/www.akku-plus.com\/akkublog\/?s={search_term_string}"},"query-input":{"@type":"PropertyValueSpecification","valueRequired":true,"valueName":"search_term_string"}}],"inLanguage":"de"},{"@type":"Person","@id":"https:\/\/www.akku-plus.com\/akkublog\/#\/schema\/person\/3241c1dbb5b808bd028b895f1257c196","name":"bella2020","image":{"@type":"ImageObject","inLanguage":"de","@id":"https:\/\/www.akku-plus.com\/akkublog\/#\/schema\/person\/image\/","url":"https:\/\/secure.gravatar.com\/avatar\/133b95318ea74e3b9335c2c761297a2b?s=96&d=mm&r=g","contentUrl":"https:\/\/secure.gravatar.com\/avatar\/133b95318ea74e3b9335c2c761297a2b?s=96&d=mm&r=g","caption":"bella2020"},"sameAs":["http:\/\/www.akku-plus.com\/akkublog"],"url":"https:\/\/www.akku-plus.com\/akkublog\/author\/bella2020\/"}]}},"_links":{"self":[{"href":"https:\/\/www.akku-plus.com\/akkublog\/wp-json\/wp\/v2\/posts\/44"}],"collection":[{"href":"https:\/\/www.akku-plus.com\/akkublog\/wp-json\/wp\/v2\/posts"}],"about":[{"href":"https:\/\/www.akku-plus.com\/akkublog\/wp-json\/wp\/v2\/types\/post"}],"author":[{"embeddable":true,"href":"https:\/\/www.akku-plus.com\/akkublog\/wp-json\/wp\/v2\/users\/1"}],"replies":[{"embeddable":true,"href":"https:\/\/www.akku-plus.com\/akkublog\/wp-json\/wp\/v2\/comments?post=44"}],"version-history":[{"count":1,"href":"https:\/\/www.akku-plus.com\/akkublog\/wp-json\/wp\/v2\/posts\/44\/revisions"}],"predecessor-version":[{"id":45,"href":"https:\/\/www.akku-plus.com\/akkublog\/wp-json\/wp\/v2\/posts\/44\/revisions\/45"}],"wp:attachment":[{"href":"https:\/\/www.akku-plus.com\/akkublog\/wp-json\/wp\/v2\/media?parent=44"}],"wp:term":[{"taxonomy":"category","embeddable":true,"href":"https:\/\/www.akku-plus.com\/akkublog\/wp-json\/wp\/v2\/categories?post=44"},{"taxonomy":"post_tag","embeddable":true,"href":"https:\/\/www.akku-plus.com\/akkublog\/wp-json\/wp\/v2\/tags?post=44"}],"curies":[{"name":"wp","href":"https:\/\/api.w.org\/{rel}","templated":true}]}}