{"id":75,"date":"2022-04-22T08:03:58","date_gmt":"2022-04-22T08:03:58","guid":{"rendered":"http:\/\/www.akku-plus.com\/akkublog\/?p=75"},"modified":"2022-04-22T08:03:58","modified_gmt":"2022-04-22T08:03:58","slug":"einheitliches-ladekabel-koennte-mitte-2024-kommen","status":"publish","type":"post","link":"https:\/\/www.akku-plus.com\/akkublog\/2022\/04\/22\/einheitliches-ladekabel-koennte-mitte-2024-kommen\/","title":{"rendered":"Einheitliches Ladekabel K\u00f6nnte Mitte 2024 Kommen"},"content":{"rendered":"\n<p>Die EU-Parlamentarier einigten sich auf eine Position zu dem Vorhaben. Damit k\u00f6nnen die finalen Verhandlungen zwischen Europaparlament und EU-Staaten beginnen &#8211; und einheitliche Ladekabel f\u00fcr Handys und andere Ger\u00e4te r\u00fccken in greifbare N\u00e4he.<\/p>\n\n\n\n<p>Die EU-Parlamentarier einigten sich am Mittwoch auf ihre Position zur Vereinheitlichung von Ladekabeln. Damit k\u00f6nnen nun die abschlie\u00dfenden Verhandlungen zwischen Europaparlament und den EU-Staaten beginnen. Eine Einigung k\u00f6nnte diesen Sommer erzielt werden. Gelingt dies, w\u00fcrde das einheitliche Ladekabel in der EU voraussichtlich Mitte 2024 Realit\u00e4t. In vielen Punkten sind sich die Positionen der EU-Staaten und des EU-Parlaments bereits recht nah. Beide Seiten wollen etwa, dass einheitlich USB-C verwendet wird.<\/p>\n\n\n\n<p>Ein einziger Standard zum Aufladen von Smartphones, Laptops oder Kopfh\u00f6rern spare Ressourcen, vermeide Tausende Tonnen Elektroschrott und schone den Geldbeutel der Verbraucherinnen und Verbraucher, sagte die Vorsitzende des Binnenmarktausschusses im EU-Parlament, Anna Cavazzini (Gr\u00fcne). Sie freue sich dar\u00fcber, dass sich das Parlament daf\u00fcr einsetze, dass mehr kleinere Ger\u00e4te unter die neuen Regeln fallen sollen und auch f\u00fcr kabelloses Laden bis 2026 ein einheitlicher Standard gefunden werden solle.<\/p>\n\n\n\n<p>Schon 2009 brachte die EU-Kommission die Ladekabel-Frage erstmals auf den Plan. 14 Hersteller &#8211; unter ihnen auch Apple &#8211; einigten sich in einer Selbstverpflichtung damals auf einen einheitlichen Standard f\u00fcr Handy-Netzteile. Bei den Buchsen in Smartphones und Tablet-Computern blieben von einst mehreren Dutzend Typen noch drei \u00fcbrig: USB-C, Apples Lightning-Anschluss sowie Micro-USB.<\/p>\n\n\n\n<p>Die Absichtserkl\u00e4rung der Hersteller lief nach zwei Verl\u00e4ngerungen 2014 aus. &#8222;Trotz der Bem\u00fchungen der Kommission um eine neue ambitionierte Absichtserkl\u00e4rung blieb die von der Industrie 2018 vorgeschlagene Vereinbarung hinter den Erwartungen der Kommission und der Verbraucherinnen und Verbraucher in der EU zur\u00fcck, da sie zu keiner einheitlichen Ladel\u00f6sung gef\u00fchrt h\u00e4tte&#8220;, erkl\u00e4rt die EU-Kommission. Sie habe sich daher gezwungen gesehen, den legislativen Weg einzuschlagen &#8211; also neue rechtliche Grundlagen zu schaffen. Die soll neben Smartphones auch f\u00fcr Tablets, Digitalkameras, Kopfh\u00f6rer, tragbare Lautsprecher und Videospielkonsolen gelten.<\/p>\n\n\n\n<p>Nach Angaben der EU-Kommission fallen j\u00e4hrlich gesch\u00e4tzt 11.000 Tonnen Elektroabfall durch entsorgte und nicht benutzte Ladeger\u00e4te an. Davon k\u00f6nnten durch die neuen Regeln knapp 1.000 Tonnen eingespart werden. Der Europ\u00e4ische Rat hatte seinen Standpunkt zu einem einheitlichen Ladeger\u00e4t f\u00fcr Elektronikger\u00e4te im September 2021 formuliert. Er will den Kommissionsvorschlag etwa mit einem Anhang erg\u00e4nzen, &#8222;der ein Label mit Ladespezifikationen und ein Piktogramm enth\u00e4lt, das anzeigt, ob ein Ladeger\u00e4t mitgeliefert wird.&#8220;<\/p>\n\n\n\n<p><a href=\"https:\/\/www.akku-plus.com\/cate\/10\" target=\"_blank\" rel=\"noreferrer noopener\">Ladekabel f\u00fcr Handys<\/a>&nbsp;von Lenovo, HP, Dell, Apple &amp; viele mehr! Finde das passende Netzteil und kaufe g\u00fcnstig bei&nbsp;<a href=\"https:\/\/www.akku-plus.com\/\" target=\"_blank\" rel=\"noreferrer noopener\">akku-plus.com<\/a>&nbsp;ein!<\/p>\n","protected":false},"excerpt":{"rendered":"<p>Die EU-Parlamentarier einigten sich auf eine Position zu dem Vorhaben. Damit k\u00f6nnen die finalen Verhandlungen zwischen Europaparlament und EU-Staaten beginnen &#8211; und einheitliche Ladekabel f\u00fcr Handys und andere Ger\u00e4te r\u00fccken in greifbare N\u00e4he. Die EU-Parlamentarier einigten sich am Mittwoch auf ihre Position zur Vereinheitlichung von Ladekabeln. Damit k\u00f6nnen nun die abschlie\u00dfenden Verhandlungen zwischen Europaparlament und [&hellip;]<\/p>\n","protected":false},"author":1,"featured_media":0,"comment_status":"open","ping_status":"open","sticky":false,"template":"","format":"standard","meta":{"footnotes":""},"categories":[6],"tags":[],"class_list":["post-75","post","type-post","status-publish","format-standard","hentry","category-nachrichten"],"yoast_head":"<!-- This site is optimized with the Yoast SEO plugin v23.7 - https:\/\/yoast.com\/wordpress\/plugins\/seo\/ -->\n<title>Einheitliches Ladekabel K\u00f6nnte Mitte 2024 Kommen - Online-Shop:Akkus, Batterien und Ladeger\u00e4te<\/title>\n<meta name=\"robots\" content=\"index, follow, max-snippet:-1, max-image-preview:large, max-video-preview:-1\" \/>\n<link rel=\"canonical\" href=\"https:\/\/www.akku-plus.com\/akkublog\/2022\/04\/22\/einheitliches-ladekabel-koennte-mitte-2024-kommen\/\" \/>\n<meta property=\"og:locale\" content=\"de_DE\" \/>\n<meta property=\"og:type\" content=\"article\" \/>\n<meta property=\"og:title\" content=\"Einheitliches Ladekabel K\u00f6nnte Mitte 2024 Kommen - Online-Shop:Akkus, Batterien und Ladeger\u00e4te\" \/>\n<meta property=\"og:description\" content=\"Die EU-Parlamentarier einigten sich auf eine Position zu dem Vorhaben. Damit k\u00f6nnen die finalen Verhandlungen zwischen Europaparlament und EU-Staaten beginnen &#8211; und einheitliche Ladekabel f\u00fcr Handys und andere Ger\u00e4te r\u00fccken in greifbare N\u00e4he. Die EU-Parlamentarier einigten sich am Mittwoch auf ihre Position zur Vereinheitlichung von Ladekabeln. Damit k\u00f6nnen nun die abschlie\u00dfenden Verhandlungen zwischen Europaparlament und [&hellip;]\" \/>\n<meta property=\"og:url\" content=\"https:\/\/www.akku-plus.com\/akkublog\/2022\/04\/22\/einheitliches-ladekabel-koennte-mitte-2024-kommen\/\" \/>\n<meta property=\"og:site_name\" content=\"Online-Shop:Akkus, Batterien und Ladeger\u00e4te\" \/>\n<meta property=\"article:published_time\" content=\"2022-04-22T08:03:58+00:00\" \/>\n<meta name=\"author\" content=\"bella2020\" \/>\n<meta name=\"twitter:card\" content=\"summary_large_image\" \/>\n<meta name=\"twitter:label1\" content=\"Verfasst von\" \/>\n\t<meta name=\"twitter:data1\" content=\"bella2020\" \/>\n\t<meta name=\"twitter:label2\" content=\"Gesch\u00e4tzte Lesezeit\" \/>\n\t<meta name=\"twitter:data2\" content=\"2\u00a0Minuten\" \/>\n<script type=\"application\/ld+json\" class=\"yoast-schema-graph\">{\"@context\":\"https:\/\/schema.org\",\"@graph\":[{\"@type\":\"WebPage\",\"@id\":\"https:\/\/www.akku-plus.com\/akkublog\/2022\/04\/22\/einheitliches-ladekabel-koennte-mitte-2024-kommen\/\",\"url\":\"https:\/\/www.akku-plus.com\/akkublog\/2022\/04\/22\/einheitliches-ladekabel-koennte-mitte-2024-kommen\/\",\"name\":\"Einheitliches Ladekabel K\u00f6nnte Mitte 2024 Kommen - Online-Shop:Akkus, Batterien und Ladeger\u00e4te\",\"isPartOf\":{\"@id\":\"http:\/\/www.akku-plus.com\/akkublog\/#website\"},\"datePublished\":\"2022-04-22T08:03:58+00:00\",\"dateModified\":\"2022-04-22T08:03:58+00:00\",\"author\":{\"@id\":\"http:\/\/www.akku-plus.com\/akkublog\/#\/schema\/person\/3241c1dbb5b808bd028b895f1257c196\"},\"breadcrumb\":{\"@id\":\"https:\/\/www.akku-plus.com\/akkublog\/2022\/04\/22\/einheitliches-ladekabel-koennte-mitte-2024-kommen\/#breadcrumb\"},\"inLanguage\":\"de\",\"potentialAction\":[{\"@type\":\"ReadAction\",\"target\":[\"https:\/\/www.akku-plus.com\/akkublog\/2022\/04\/22\/einheitliches-ladekabel-koennte-mitte-2024-kommen\/\"]}]},{\"@type\":\"BreadcrumbList\",\"@id\":\"https:\/\/www.akku-plus.com\/akkublog\/2022\/04\/22\/einheitliches-ladekabel-koennte-mitte-2024-kommen\/#breadcrumb\",\"itemListElement\":[{\"@type\":\"ListItem\",\"position\":1,\"name\":\"Startseite\",\"item\":\"http:\/\/www.akku-plus.com\/akkublog\/\"},{\"@type\":\"ListItem\",\"position\":2,\"name\":\"Einheitliches Ladekabel K\u00f6nnte Mitte 2024 Kommen\"}]},{\"@type\":\"WebSite\",\"@id\":\"http:\/\/www.akku-plus.com\/akkublog\/#website\",\"url\":\"http:\/\/www.akku-plus.com\/akkublog\/\",\"name\":\"Online-Shop:Akkus, Batterien und Ladeger\u00e4te\",\"description\":\"Akku-plus.com ist Ihr Profi f&uuml;r Akkus, Batterien und Ladeger&auml;te! F&uuml;r weit &uuml;ber 100,000 Ger&auml;te haben wir die passenden Ersatzakkus und Batterien und liefern schnell und zuverl&auml;ssig innerhalb Europa.\",\"potentialAction\":[{\"@type\":\"SearchAction\",\"target\":{\"@type\":\"EntryPoint\",\"urlTemplate\":\"http:\/\/www.akku-plus.com\/akkublog\/?s={search_term_string}\"},\"query-input\":{\"@type\":\"PropertyValueSpecification\",\"valueRequired\":true,\"valueName\":\"search_term_string\"}}],\"inLanguage\":\"de\"},{\"@type\":\"Person\",\"@id\":\"http:\/\/www.akku-plus.com\/akkublog\/#\/schema\/person\/3241c1dbb5b808bd028b895f1257c196\",\"name\":\"bella2020\",\"image\":{\"@type\":\"ImageObject\",\"inLanguage\":\"de\",\"@id\":\"http:\/\/www.akku-plus.com\/akkublog\/#\/schema\/person\/image\/\",\"url\":\"https:\/\/secure.gravatar.com\/avatar\/133b95318ea74e3b9335c2c761297a2b?s=96&d=mm&r=g\",\"contentUrl\":\"https:\/\/secure.gravatar.com\/avatar\/133b95318ea74e3b9335c2c761297a2b?s=96&d=mm&r=g\",\"caption\":\"bella2020\"},\"sameAs\":[\"http:\/\/www.akku-plus.com\/akkublog\"],\"url\":\"https:\/\/www.akku-plus.com\/akkublog\/author\/bella2020\/\"}]}<\/script>\n<!-- \/ Yoast SEO plugin. -->","yoast_head_json":{"title":"Einheitliches Ladekabel K\u00f6nnte Mitte 2024 Kommen - Online-Shop:Akkus, Batterien und Ladeger\u00e4te","robots":{"index":"index","follow":"follow","max-snippet":"max-snippet:-1","max-image-preview":"max-image-preview:large","max-video-preview":"max-video-preview:-1"},"canonical":"https:\/\/www.akku-plus.com\/akkublog\/2022\/04\/22\/einheitliches-ladekabel-koennte-mitte-2024-kommen\/","og_locale":"de_DE","og_type":"article","og_title":"Einheitliches Ladekabel K\u00f6nnte Mitte 2024 Kommen - Online-Shop:Akkus, Batterien und Ladeger\u00e4te","og_description":"Die EU-Parlamentarier einigten sich auf eine Position zu dem Vorhaben. Damit k\u00f6nnen die finalen Verhandlungen zwischen Europaparlament und EU-Staaten beginnen &#8211; und einheitliche Ladekabel f\u00fcr Handys und andere Ger\u00e4te r\u00fccken in greifbare N\u00e4he. Die EU-Parlamentarier einigten sich am Mittwoch auf ihre Position zur Vereinheitlichung von Ladekabeln. Damit k\u00f6nnen nun die abschlie\u00dfenden Verhandlungen zwischen Europaparlament und [&hellip;]","og_url":"https:\/\/www.akku-plus.com\/akkublog\/2022\/04\/22\/einheitliches-ladekabel-koennte-mitte-2024-kommen\/","og_site_name":"Online-Shop:Akkus, Batterien und Ladeger\u00e4te","article_published_time":"2022-04-22T08:03:58+00:00","author":"bella2020","twitter_card":"summary_large_image","twitter_misc":{"Verfasst von":"bella2020","Gesch\u00e4tzte Lesezeit":"2\u00a0Minuten"},"schema":{"@context":"https:\/\/schema.org","@graph":[{"@type":"WebPage","@id":"https:\/\/www.akku-plus.com\/akkublog\/2022\/04\/22\/einheitliches-ladekabel-koennte-mitte-2024-kommen\/","url":"https:\/\/www.akku-plus.com\/akkublog\/2022\/04\/22\/einheitliches-ladekabel-koennte-mitte-2024-kommen\/","name":"Einheitliches Ladekabel K\u00f6nnte Mitte 2024 Kommen - Online-Shop:Akkus, Batterien und Ladeger\u00e4te","isPartOf":{"@id":"http:\/\/www.akku-plus.com\/akkublog\/#website"},"datePublished":"2022-04-22T08:03:58+00:00","dateModified":"2022-04-22T08:03:58+00:00","author":{"@id":"http:\/\/www.akku-plus.com\/akkublog\/#\/schema\/person\/3241c1dbb5b808bd028b895f1257c196"},"breadcrumb":{"@id":"https:\/\/www.akku-plus.com\/akkublog\/2022\/04\/22\/einheitliches-ladekabel-koennte-mitte-2024-kommen\/#breadcrumb"},"inLanguage":"de","potentialAction":[{"@type":"ReadAction","target":["https:\/\/www.akku-plus.com\/akkublog\/2022\/04\/22\/einheitliches-ladekabel-koennte-mitte-2024-kommen\/"]}]},{"@type":"BreadcrumbList","@id":"https:\/\/www.akku-plus.com\/akkublog\/2022\/04\/22\/einheitliches-ladekabel-koennte-mitte-2024-kommen\/#breadcrumb","itemListElement":[{"@type":"ListItem","position":1,"name":"Startseite","item":"http:\/\/www.akku-plus.com\/akkublog\/"},{"@type":"ListItem","position":2,"name":"Einheitliches Ladekabel K\u00f6nnte Mitte 2024 Kommen"}]},{"@type":"WebSite","@id":"http:\/\/www.akku-plus.com\/akkublog\/#website","url":"http:\/\/www.akku-plus.com\/akkublog\/","name":"Online-Shop:Akkus, Batterien und Ladeger\u00e4te","description":"Akku-plus.com ist Ihr Profi f&uuml;r Akkus, Batterien und Ladeger&auml;te! F&uuml;r weit &uuml;ber 100,000 Ger&auml;te haben wir die passenden Ersatzakkus und Batterien und liefern schnell und zuverl&auml;ssig innerhalb Europa.","potentialAction":[{"@type":"SearchAction","target":{"@type":"EntryPoint","urlTemplate":"http:\/\/www.akku-plus.com\/akkublog\/?s={search_term_string}"},"query-input":{"@type":"PropertyValueSpecification","valueRequired":true,"valueName":"search_term_string"}}],"inLanguage":"de"},{"@type":"Person","@id":"http:\/\/www.akku-plus.com\/akkublog\/#\/schema\/person\/3241c1dbb5b808bd028b895f1257c196","name":"bella2020","image":{"@type":"ImageObject","inLanguage":"de","@id":"http:\/\/www.akku-plus.com\/akkublog\/#\/schema\/person\/image\/","url":"https:\/\/secure.gravatar.com\/avatar\/133b95318ea74e3b9335c2c761297a2b?s=96&d=mm&r=g","contentUrl":"https:\/\/secure.gravatar.com\/avatar\/133b95318ea74e3b9335c2c761297a2b?s=96&d=mm&r=g","caption":"bella2020"},"sameAs":["http:\/\/www.akku-plus.com\/akkublog"],"url":"https:\/\/www.akku-plus.com\/akkublog\/author\/bella2020\/"}]}},"_links":{"self":[{"href":"https:\/\/www.akku-plus.com\/akkublog\/wp-json\/wp\/v2\/posts\/75"}],"collection":[{"href":"https:\/\/www.akku-plus.com\/akkublog\/wp-json\/wp\/v2\/posts"}],"about":[{"href":"https:\/\/www.akku-plus.com\/akkublog\/wp-json\/wp\/v2\/types\/post"}],"author":[{"embeddable":true,"href":"https:\/\/www.akku-plus.com\/akkublog\/wp-json\/wp\/v2\/users\/1"}],"replies":[{"embeddable":true,"href":"https:\/\/www.akku-plus.com\/akkublog\/wp-json\/wp\/v2\/comments?post=75"}],"version-history":[{"count":1,"href":"https:\/\/www.akku-plus.com\/akkublog\/wp-json\/wp\/v2\/posts\/75\/revisions"}],"predecessor-version":[{"id":76,"href":"https:\/\/www.akku-plus.com\/akkublog\/wp-json\/wp\/v2\/posts\/75\/revisions\/76"}],"wp:attachment":[{"href":"https:\/\/www.akku-plus.com\/akkublog\/wp-json\/wp\/v2\/media?parent=75"}],"wp:term":[{"taxonomy":"category","embeddable":true,"href":"https:\/\/www.akku-plus.com\/akkublog\/wp-json\/wp\/v2\/categories?post=75"},{"taxonomy":"post_tag","embeddable":true,"href":"https:\/\/www.akku-plus.com\/akkublog\/wp-json\/wp\/v2\/tags?post=75"}],"curies":[{"name":"wp","href":"https:\/\/api.w.org\/{rel}","templated":true}]}}